{"id":4182,"date":"2014-05-01T12:14:59","date_gmt":"2014-05-01T15:14:59","guid":{"rendered":"http:\/\/www.toque-musicall.com\/?p=4182"},"modified":"2014-05-01T12:14:59","modified_gmt":"2014-05-01T15:14:59","slug":"eduardo-assad-chanson-pour-anne-1983","status":"publish","type":"post","link":"https:\/\/www.toque-musicall.com\/?p=4182","title":{"rendered":"Eduardo Assad &#8211; Chanson Pour Anne (1983)"},"content":{"rendered":"<p><img loading=\"lazy\" decoding=\"async\" class=\"aligncenter\" alt=\"\" src=\"http:\/\/4.bp.blogspot.com\/-mIZo6IFuAuY\/U2JDE0uuRUI\/AAAAAAAAI8A\/RCiA7JpBIYM\/s1600\/capap.JPG\" width=\"1000\" height=\"1009\" \/><img loading=\"lazy\" decoding=\"async\" class=\"aligncenter\" alt=\"\" src=\"http:\/\/4.bp.blogspot.com\/-jPoclygSA1A\/U2JC9mL9MHI\/AAAAAAAAI74\/FkM3fAQ6p4g\/s1600\/contrap.JPG\" width=\"1000\" height=\"1003\" \/><\/p>\n<p>Ol\u00e1 amigos cultos e ocultos! Passado o m\u00eas de abril quase fechado, sem muitas postagens, volto agora, retomando as publica\u00e7\u00f5es. Embora com um arsenal dos mais variados em termos de discos, com os mais diferentes t\u00edtulos e g\u00eaneros, fico ainda assim sem saber por onde come\u00e7ar. Por outro lado, h\u00e1 tamb\u00e9m uma constante preocupa\u00e7\u00e3o diante as novas medidas surgidas com o Marco Zero da Internet. Ainda n\u00e3o sei bem ao certo como anda isso, mas creio que em breve, na melhor das hip\u00f3teses, teremos que nos adaptar as novas condi\u00e7\u00f5es para n\u00e3o fechar de vez.<br \/>\nHoje, Dia do Trabalho, eu deveria postar aqui algo condizente, mas sinceramente, ando numa pregui\u00e7a de dar gosto a baiano. Vou lan\u00e7ar m\u00e3o daquilo que est\u00e1 bem pr\u00f3ximo, os &#8216;discos de gaveta&#8217;. Vamos com este lp do pianista compositor e arranjador paulista, Eduardo Assad. Um \u00e1lbum com um repert\u00f3rio misto, entre temas da m\u00fasica cl\u00e1ssica e popular, alguns inclusive autoriais, do pr\u00f3prio Assad. Ele vem acompanhado por orquestra e coro, sob sua reg\u00eancia. Eduardo Assad, para os que n\u00e3o sabem, foi um m\u00fasico muito atuante nos anos 60 e 70. Nos anos 80 se dedicou as adapta\u00e7\u00f5es de temas rom\u00e2nticos e instrumentais. De forma\u00e7\u00e3o erudita, mas acabou mesmo se enveredando pelo lado da m\u00fasica popular, onde veio a trabalhar com diversos artistas, principalmente da Jovem Guarda. Acompanhou por um bom tempo o Ronnie Von com a banda dos Menestr\u00e9is, posteriormente chamada de B-612. Morreu novo, em 1990, aos 40 anos. Era diretor art\u00edstico da R\u00e1dio Am\u00e9rica, de S\u00e3o Paulo. Em 1989 ele recebeu o Pr\u00eamio Sharp como melhor arranjador na categoria de m\u00fasica popular. Gravou poucos discos, mas esteve envolvido em muitos projetos, o que lhe garante aquela estrela no c\u00e9u dos artistas da M\u00fasica Brasileir<a href=\"http:\/\/depositfiles.org\/files\/146l038y8\" target=\"_blank\">a<\/a>.<\/p>\n<div style=\"text-align: center;\">chanson pour anne<\/div>\n<div style=\"text-align: center;\">raio de som<\/div>\n<div style=\"text-align: center;\">natali<\/div>\n<div style=\"text-align: center;\">detalhes<\/div>\n<div style=\"text-align: center;\">como vai voc\u00ea<\/div>\n<div style=\"text-align: center;\">it&#8217;s impossible<\/div>\n<div style=\"text-align: center;\">o guarani<\/div>\n<div style=\"text-align: center;\">poesia<\/div>\n<div style=\"text-align: center;\">presente de amigo<\/div>\n<div style=\"text-align: center;\">the long and winding road<\/div>\n<div style=\"text-align: center;\">yesterday<\/div>\n<div style=\"text-align: center;\">crep\u00fasculo encantado<\/div>\n<div style=\"text-align: center;\">heart&#8217;s sound<\/div>\n<div style=\"text-align: center;\">raps\u00f3dia h\u00fangara<\/div>\n<div style=\"text-align: center;\"><\/div>\n<div style=\"text-align: center;\">.<\/div>\n<div style=\"text-align: center;\"><\/div>\n","protected":false},"excerpt":{"rendered":"<p>Ol\u00e1 amigos cultos e ocultos! Passado o m\u00eas de abril quase fechado, sem muitas postagens, volto agora, retomando as publica\u00e7\u00f5es. Embora com um arsenal dos mais variados em termos de discos, com os mais diferentes t\u00edtulos e g\u00eaneros, fico ainda &hellip; <a href=\"https:\/\/www.toque-musicall.com\/?p=4182\">Continue lendo <span class=\"meta-nav\">&rarr;<\/span><\/a><\/p>\n","protected":false},"author":1,"featured_media":0,"comment_status":"open","ping_status":"closed","sticky":false,"template":"","format":"standard","meta":{"footnotes":""},"categories":[2374,18],"tags":[],"class_list":["post-4182","post","type-post","status-publish","format-standard","hentry","category-eduardo-assad","category-selo-rca"],"_links":{"self":[{"href":"https:\/\/www.toque-musicall.com\/index.php?rest_route=\/wp\/v2\/posts\/4182","targetHints":{"allow":["GET"]}}],"collection":[{"href":"https:\/\/www.toque-musicall.com\/index.php?rest_route=\/wp\/v2\/posts"}],"about":[{"href":"https:\/\/www.toque-musicall.com\/index.php?rest_route=\/wp\/v2\/types\/post"}],"author":[{"embeddable":true,"href":"https:\/\/www.toque-musicall.com\/index.php?rest_route=\/wp\/v2\/users\/1"}],"replies":[{"embeddable":true,"href":"https:\/\/www.toque-musicall.com\/index.php?rest_route=%2Fwp%2Fv2%2Fcomments&post=4182"}],"version-history":[{"count":1,"href":"https:\/\/www.toque-musicall.com\/index.php?rest_route=\/wp\/v2\/posts\/4182\/revisions"}],"predecessor-version":[{"id":4185,"href":"https:\/\/www.toque-musicall.com\/index.php?rest_route=\/wp\/v2\/posts\/4182\/revisions\/4185"}],"wp:attachment":[{"href":"https:\/\/www.toque-musicall.com\/index.php?rest_route=%2Fwp%2Fv2%2Fmedia&parent=4182"}],"wp:term":[{"taxonomy":"category","embeddable":true,"href":"https:\/\/www.toque-musicall.com\/index.php?rest_route=%2Fwp%2Fv2%2Fcategories&post=4182"},{"taxonomy":"post_tag","embeddable":true,"href":"https:\/\/www.toque-musicall.com\/index.php?rest_route=%2Fwp%2Fv2%2Ftags&post=4182"}],"curies":[{"name":"wp","href":"https:\/\/api.w.org\/{rel}","templated":true}]}}