{"id":4186,"date":"2014-05-02T10:29:08","date_gmt":"2014-05-02T13:29:08","guid":{"rendered":"http:\/\/www.toque-musicall.com\/?p=4186"},"modified":"2014-05-02T10:29:08","modified_gmt":"2014-05-02T13:29:08","slug":"taxi-dois-em-um-2014","status":"publish","type":"post","link":"https:\/\/www.toque-musicall.com\/?p=4186","title":{"rendered":"Taxi &#8211; Dois Em Um (2014)"},"content":{"rendered":"<p><img loading=\"lazy\" decoding=\"async\" class=\"aligncenter\" alt=\"\" src=\"http:\/\/2.bp.blogspot.com\/-bQ8O2WXRjDg\/U2OcZkJXdXI\/AAAAAAAAI80\/C5dgaORfmMY\/s1600\/capafp.JPG\" width=\"1000\" height=\"1000\" \/><img loading=\"lazy\" decoding=\"async\" class=\"aligncenter\" alt=\"\" src=\"http:\/\/1.bp.blogspot.com\/-FJPLAwdrNZM\/U2OcSA5_oGI\/AAAAAAAAI8s\/VRrFt1NKEIM\/s1600\/contracapafp.JPG\" width=\"1000\" height=\"1000\" \/><\/p>\n<div>Bom dia, amigos cultos e ocultos! Mexendo em meus arquivos musicais ontem, topei com dois discos que me foram enviados, nem lembro por quem. Trata-se do grupo carioca Taxi, uma banda de funk e soul que agitava os bailes do Rio nos anos 70. O fato \u00e9 que ao ouvir, na curiosidade, acabei tamb\u00e9m indo atr\u00e1s de alguma informa\u00e7\u00e3o, pois eu pouco me lembrava deste grupo, a n\u00e3o ser pelo &#8216;sucesso regional&#8217; da m\u00fasica &#8220;Pode chorar&#8221;, que chegou a ecoar tamb\u00e9m entre os &#8216;blacks&#8217; aqui da minha Beag\u00e1.<\/div>\n<div>O Taxi foi uma banda de &#8216;black music&#8217; formada por ex-integrantes dOs Diagonais, de Cassiano. Os motoristas desse Taxi eram Amaro, Camar\u00e3o e Max. Camar\u00e3o \u00e9 irm\u00e3o de Cassiano que tamb\u00e9m andou dando suas &#8216;palinhas&#8217; nesse taxi. Pelo que eu sei, o grupo gravou apenas dois discos, o &#8220;Pode chorar&#8221; em 79 e outro, &#8220;Um dia no tempo&#8221; em 80. Embora apresentando uma m\u00fasica de boa qualidade, o Taxi n\u00e3o conseguiu ir muito longe. Isso talvez tenha a ver com o fato de que ao longo desse curto espa\u00e7o de tempo muita merda aconteceu. Dois dos integrantes originais (Max e Amaro) morreram, dando assim uma desestabilizada no trabalho, levando o Taxi a parar definitivamente.<\/div>\n<div>Os dois discos do Taxi, pode se dizer, s\u00e3o hoje puras raridades. N\u00e3o se encontra um exemplar nem no Mercado Livre. As capas ent\u00e3o, muito menos. Por essas e por outras \u00e9 que eu achei de ressuscit\u00e1-los aqui, reunindo os dois discos numa embalagem s\u00f3. Com fragmentos, criei uma nova capa, montando assim um &#8216;webdisco&#8217; exclusivo para listar em nossa cole\u00e7\u00e3o, o qual eu dei o nome de &#8220;Dois em Um&#8221;. Espero que esteja no agrado daqueles que escutam m\u00fasica com outros olho<a href=\"http:\/\/depositfiles.org\/files\/7saa9l5bx\" target=\"_blank\">s<\/a>\u00a0\ud83d\ude09<\/div>\n<div><\/div>\n<div style=\"text-align: center;\">quero dan\u00e7ar<\/div>\n<div style=\"text-align: center;\">pode chorar<\/div>\n<div style=\"text-align: center;\">eu n\u00e3o quero esquentar<\/div>\n<div style=\"text-align: center;\">nosso mundo de sonhos<\/div>\n<div style=\"text-align: center;\">ame os seus<\/div>\n<div style=\"text-align: center;\">eu preciso de voc\u00ea<\/div>\n<div style=\"text-align: center;\">tema do taxi<\/div>\n<div style=\"text-align: center;\">foi voc\u00ea<\/div>\n<div style=\"text-align: center;\">tempo de viver<\/div>\n<div style=\"text-align: center;\">mel\u00f4 da garrafa<\/div>\n<div style=\"text-align: center;\">um dia no tempo<\/div>\n<div style=\"text-align: center;\">amor n\u00e0o vai faltar<\/div>\n<div style=\"text-align: center;\">s\u00f3 saudade restou<\/div>\n<div style=\"text-align: center;\">vacil\u00e3o<\/div>\n<div style=\"text-align: center;\">o homem<\/div>\n<div style=\"text-align: center;\">lindo \u00e9 teu amar<\/div>\n<div style=\"text-align: center;\">can\u00e7\u00e3o de amor<\/div>\n<div style=\"text-align: center;\">raz\u00e3o de ser<\/div>\n<div style=\"text-align: center;\">a volta<\/div>\n<div style=\"text-align: center;\">bobeira<\/div>\n<div style=\"text-align: center;\"><\/div>\n<div style=\"text-align: center;\">.<\/div>\n<div style=\"text-align: center;\"><\/div>\n","protected":false},"excerpt":{"rendered":"<p>Bom dia, amigos cultos e ocultos! Mexendo em meus arquivos musicais ontem, topei com dois discos que me foram enviados, nem lembro por quem. Trata-se do grupo carioca Taxi, uma banda de funk e soul que agitava os bailes do &hellip; <a href=\"https:\/\/www.toque-musicall.com\/?p=4186\">Continue lendo <span class=\"meta-nav\">&rarr;<\/span><\/a><\/p>\n","protected":false},"author":1,"featured_media":0,"comment_status":"open","ping_status":"closed","sticky":false,"template":"","format":"standard","meta":{"footnotes":""},"categories":[11,2376],"tags":[],"class_list":["post-4186","post","type-post","status-publish","format-standard","hentry","category-exclusivos-do-toque-musical","category-taxi"],"_links":{"self":[{"href":"https:\/\/www.toque-musicall.com\/index.php?rest_route=\/wp\/v2\/posts\/4186","targetHints":{"allow":["GET"]}}],"collection":[{"href":"https:\/\/www.toque-musicall.com\/index.php?rest_route=\/wp\/v2\/posts"}],"about":[{"href":"https:\/\/www.toque-musicall.com\/index.php?rest_route=\/wp\/v2\/types\/post"}],"author":[{"embeddable":true,"href":"https:\/\/www.toque-musicall.com\/index.php?rest_route=\/wp\/v2\/users\/1"}],"replies":[{"embeddable":true,"href":"https:\/\/www.toque-musicall.com\/index.php?rest_route=%2Fwp%2Fv2%2Fcomments&post=4186"}],"version-history":[{"count":1,"href":"https:\/\/www.toque-musicall.com\/index.php?rest_route=\/wp\/v2\/posts\/4186\/revisions"}],"predecessor-version":[{"id":4189,"href":"https:\/\/www.toque-musicall.com\/index.php?rest_route=\/wp\/v2\/posts\/4186\/revisions\/4189"}],"wp:attachment":[{"href":"https:\/\/www.toque-musicall.com\/index.php?rest_route=%2Fwp%2Fv2%2Fmedia&parent=4186"}],"wp:term":[{"taxonomy":"category","embeddable":true,"href":"https:\/\/www.toque-musicall.com\/index.php?rest_route=%2Fwp%2Fv2%2Fcategories&post=4186"},{"taxonomy":"post_tag","embeddable":true,"href":"https:\/\/www.toque-musicall.com\/index.php?rest_route=%2Fwp%2Fv2%2Ftags&post=4186"}],"curies":[{"name":"wp","href":"https:\/\/api.w.org\/{rel}","templated":true}]}}