{"id":4194,"date":"2014-05-04T20:42:15","date_gmt":"2014-05-04T23:42:15","guid":{"rendered":"http:\/\/www.toque-musicall.com\/?p=4194"},"modified":"2014-05-04T20:42:15","modified_gmt":"2014-05-04T23:42:15","slug":"ritmos-e-melodias-na-musica-popular-musica-da-juventude-1966","status":"publish","type":"post","link":"https:\/\/www.toque-musicall.com\/?p=4194","title":{"rendered":"Ritmos E Melodias Na M\u00fasica Popular &#8211; M\u00fasica Da Juventude (1966)"},"content":{"rendered":"<p><img loading=\"lazy\" decoding=\"async\" class=\"aligncenter\" alt=\"\" src=\"http:\/\/1.bp.blogspot.com\/-8zWTpvgCp0M\/U2a5H880T5I\/AAAAAAAAI9o\/44UB8Xmf7d0\/s1600\/folder.jpg\" width=\"1000\" height=\"990\" \/><img loading=\"lazy\" decoding=\"async\" class=\"aligncenter\" alt=\"\" src=\"http:\/\/1.bp.blogspot.com\/-hAJyohLs65k\/U2a5bBNfpKI\/AAAAAAAAI9w\/4_be2IR_BOI\/s1600\/int2p.JPG\" width=\"1000\" height=\"1020\" \/><\/p>\n<div>Boa noite, prezados amigos cultos e ocultos! Segue aqui neste domingo mais um disco da caixa &#8220;Ritmos e Melodias na Musica Popular&#8221;, da Abril Cultural. Desta vez temos o lp &#8220;M\u00fasica da Juventude&#8221;, um volume dedicado \u00e0 &#8216;m\u00fasica pop&#8217;. Aqui encontramos uma salada com sabores diferentes, entre interpretes originais e obscuros, certamente brazucas, como \u00e9 o caso dOs Balanceiros, ou a Orquestra Pop de Sucesso<a href=\"http:\/\/depositfiles.org\/files\/tafnef9rv\" target=\"_blank\">s<\/a>.<\/div>\n<div><\/div>\n<div style=\"text-align: center;\">quero que v\u00e1 tudo pro inferno &#8211; os balanceiros<\/div>\n<div style=\"text-align: center;\">se piangi se rido &#8211; mina<\/div>\n<div style=\"text-align: center;\">trinidad &#8211; bob smart<\/div>\n<div style=\"text-align: center;\">io cheno vivo senza te &#8211; orquestra pop de sucessos<\/div>\n<div style=\"text-align: center;\">i only want to be with you &#8211; dusty springfield<\/div>\n<div style=\"text-align: center;\">que c\u00e9st triste venize &#8211; orquestra pop de sucessos<\/div>\n<div style=\"text-align: center;\">il mondo &#8211; orquestra pop de sucessos<\/div>\n<div style=\"text-align: center;\">the game of love &#8211; wayne fontana and the mindbenders<\/div>\n<div style=\"text-align: center;\">ma vie &#8211; orquestra pop de sucessos<\/div>\n<div style=\"text-align: center;\">canto de ossanha &#8211; os balanceiros<\/div>\n<div style=\"text-align: center;\">abbracciami forte &#8211; cocki mazetti<\/div>\n<div style=\"text-align: center;\">escandalo em fam\u00edlia &#8211; os balanceiros<\/div>\n<div style=\"text-align: center;\"><\/div>\n<div style=\"text-align: center;\">.<\/div>\n<div><\/div>\n","protected":false},"excerpt":{"rendered":"<p>Boa noite, prezados amigos cultos e ocultos! Segue aqui neste domingo mais um disco da caixa &#8220;Ritmos e Melodias na Musica Popular&#8221;, da Abril Cultural. Desta vez temos o lp &#8220;M\u00fasica da Juventude&#8221;, um volume dedicado \u00e0 &#8216;m\u00fasica pop&#8217;. Aqui &hellip; <a href=\"https:\/\/www.toque-musicall.com\/?p=4194\">Continue lendo <span class=\"meta-nav\">&rarr;<\/span><\/a><\/p>\n","protected":false},"author":1,"featured_media":0,"comment_status":"open","ping_status":"closed","sticky":false,"template":"","format":"standard","meta":{"footnotes":""},"categories":[2379,1541],"tags":[],"class_list":["post-4194","post","type-post","status-publish","format-standard","hentry","category-os-balanceiros","category-selo-abril-cultural"],"_links":{"self":[{"href":"https:\/\/www.toque-musicall.com\/index.php?rest_route=\/wp\/v2\/posts\/4194","targetHints":{"allow":["GET"]}}],"collection":[{"href":"https:\/\/www.toque-musicall.com\/index.php?rest_route=\/wp\/v2\/posts"}],"about":[{"href":"https:\/\/www.toque-musicall.com\/index.php?rest_route=\/wp\/v2\/types\/post"}],"author":[{"embeddable":true,"href":"https:\/\/www.toque-musicall.com\/index.php?rest_route=\/wp\/v2\/users\/1"}],"replies":[{"embeddable":true,"href":"https:\/\/www.toque-musicall.com\/index.php?rest_route=%2Fwp%2Fv2%2Fcomments&post=4194"}],"version-history":[{"count":1,"href":"https:\/\/www.toque-musicall.com\/index.php?rest_route=\/wp\/v2\/posts\/4194\/revisions"}],"predecessor-version":[{"id":4197,"href":"https:\/\/www.toque-musicall.com\/index.php?rest_route=\/wp\/v2\/posts\/4194\/revisions\/4197"}],"wp:attachment":[{"href":"https:\/\/www.toque-musicall.com\/index.php?rest_route=%2Fwp%2Fv2%2Fmedia&parent=4194"}],"wp:term":[{"taxonomy":"category","embeddable":true,"href":"https:\/\/www.toque-musicall.com\/index.php?rest_route=%2Fwp%2Fv2%2Fcategories&post=4194"},{"taxonomy":"post_tag","embeddable":true,"href":"https:\/\/www.toque-musicall.com\/index.php?rest_route=%2Fwp%2Fv2%2Ftags&post=4194"}],"curies":[{"name":"wp","href":"https:\/\/api.w.org\/{rel}","templated":true}]}}