{"id":420,"date":"2011-06-24T22:08:00","date_gmt":"2011-06-24T22:08:00","guid":{"rendered":"http:\/\/www.toque-musicall.com\/?p=420"},"modified":"2011-06-24T22:08:00","modified_gmt":"2011-06-24T22:08:00","slug":"quatro-na-roda-ep-2011","status":"publish","type":"post","link":"https:\/\/www.toque-musicall.com\/?p=420","title":{"rendered":"Quatro Na Roda &#8211; EP (2011)"},"content":{"rendered":"<div style=\"clear: both; text-align: center;\"><a href=\"http:\/\/1.bp.blogspot.com\/-JyD_-T71Sis\/TgTch6nuVAI\/AAAAAAAAIJQ\/YWxQGlQdY3M\/s1600\/capa-ep+P.JPG\" style=\"margin-left: 1em; margin-right: 1em;\"><img loading=\"lazy\" decoding=\"async\" border=\"0\" height=\"400\" src=\"http:\/\/1.bp.blogspot.com\/-JyD_-T71Sis\/TgTch6nuVAI\/AAAAAAAAIJQ\/YWxQGlQdY3M\/s400\/capa-ep+P.JPG\" width=\"400\" \/><\/a><\/div>\n<div style=\"clear: both; text-align: left;\">Boa tarde, meus amigos cultos e ocultos. Hoje eu estou &#8216;pianinho&#8217; em casa, ou como dizem tamb\u00e9m, literalmente com as barbas de molho. Minha sinusite, para rimar, ainda persiste, vai e volta quando bem quer. Mas ontem eu fui ao m\u00e9dico e ele me passou uma bateria de rem\u00e9dio, at\u00e9 a Amoxilina! Cheguei a pensar que o bicho estava mesmo pegando para o meu lado. Comecei a medica\u00e7\u00e3o e por enquanto vamos indo&#8230; &#8216;no pianinho&#8217;. T\u00e1 melhorando&#8230;\u00a0Aproveito que n\u00e3o posso mesmo sair de casa e vou fazer desta sexta independente uma dose dupla, para curar a minha cabe\u00e7a e fazer a de voc\u00eas \ud83d\ude09<\/div>\n<div style=\"clear: both; text-align: left;\">Come\u00e7o com este EP enviado pela turma do Quatro na Roda, um grupo formado por talentosos m\u00fasicos aqui de Bel\u00f4. Uma mo\u00e7ada jovem que entrou de sola no que \u00e9 a verdadeira m\u00fasica popular brasileira. Eles apresentam um repert\u00f3rio muito especial, dedicado principalmente o samba, choro, bai\u00e3o, marchinhas e outros g\u00eaneros t\u00edpicos da nossa m\u00fasica. Conforme eles mesmos informam, o quarteto tem uma base instrumental formada por \u00a0viol\u00e3o de sete cordas, cavaquinho e percuss\u00e3o. Nos solos v\u00e3o clarinete, flauta e de novo o cavaquinho, somado a tudo isso \u00e0s vozes dos quatro: Juliana Perdig\u00e3o, Cristiano Vianna, Du Macedo e Analu.\u00a0<\/div>\n<div style=\"clear: both; text-align: left;\">Este \u00e9 o primeiro trabalho\u00a0gravado pelo\u00a0grupo, buscando mostrar m\u00fasicas produzidas no pa\u00eds desde os anos vinte, do s\u00e9culo passado at\u00e9 os dias de hoje. Um trabalho bacana e de muita qualidade.<\/div>\n<div style=\"clear: both; text-align: left;\">Para saber mais sobre o grupo, visitem a p\u00e1gina deles no <a href=\"http:\/\/www.facebook.com\/quatronaroda\">FaceBook<\/a>.<\/div>\n<div style=\"clear: both; text-align: left;\"><\/div>\n<div style=\"clear: both; text-align: center;\">boogie woogie na favela<\/div>\n<div style=\"clear: both; text-align: center;\">conversa de samba<\/div>\n<div style=\"clear: both; text-align: center;\">adeus am\u00e9rica<\/div>\n<div style=\"clear: both; text-align: center;\">foi uma pedra que rolou<\/div>\n<div style=\"clear: both; text-align: center;\">cem mil r\u00e9is<\/div>\n<div style=\"clear: both; text-align: center;\">depois que o il\u00ea passar<\/div>\n<div style=\"clear: both; text-align: center;\">patuscada de ghandi<\/div>\n<div style=\"clear: both; text-align: center;\"><\/div>\n<div style=\"clear: both; text-align: center;\"><\/div>\n","protected":false},"excerpt":{"rendered":"<p>Boa tarde, meus amigos cultos e ocultos. Hoje eu estou &#8216;pianinho&#8217; em casa, ou como dizem tamb\u00e9m, literalmente com as barbas de molho. Minha sinusite, para rimar, ainda persiste, vai e volta quando bem quer. Mas ontem eu fui ao &hellip; <a href=\"https:\/\/www.toque-musicall.com\/?p=420\">Continue lendo <span class=\"meta-nav\">&rarr;<\/span><\/a><\/p>\n","protected":false},"author":1,"featured_media":0,"comment_status":"open","ping_status":"closed","sticky":false,"template":"","format":"standard","meta":{"footnotes":""},"categories":[671,25],"tags":[],"class_list":["post-420","post","type-post","status-publish","format-standard","hentry","category-quatro-na-roda","category-selo-independente"],"_links":{"self":[{"href":"https:\/\/www.toque-musicall.com\/index.php?rest_route=\/wp\/v2\/posts\/420","targetHints":{"allow":["GET"]}}],"collection":[{"href":"https:\/\/www.toque-musicall.com\/index.php?rest_route=\/wp\/v2\/posts"}],"about":[{"href":"https:\/\/www.toque-musicall.com\/index.php?rest_route=\/wp\/v2\/types\/post"}],"author":[{"embeddable":true,"href":"https:\/\/www.toque-musicall.com\/index.php?rest_route=\/wp\/v2\/users\/1"}],"replies":[{"embeddable":true,"href":"https:\/\/www.toque-musicall.com\/index.php?rest_route=%2Fwp%2Fv2%2Fcomments&post=420"}],"version-history":[{"count":0,"href":"https:\/\/www.toque-musicall.com\/index.php?rest_route=\/wp\/v2\/posts\/420\/revisions"}],"wp:attachment":[{"href":"https:\/\/www.toque-musicall.com\/index.php?rest_route=%2Fwp%2Fv2%2Fmedia&parent=420"}],"wp:term":[{"taxonomy":"category","embeddable":true,"href":"https:\/\/www.toque-musicall.com\/index.php?rest_route=%2Fwp%2Fv2%2Fcategories&post=420"},{"taxonomy":"post_tag","embeddable":true,"href":"https:\/\/www.toque-musicall.com\/index.php?rest_route=%2Fwp%2Fv2%2Ftags&post=420"}],"curies":[{"name":"wp","href":"https:\/\/api.w.org\/{rel}","templated":true}]}}