{"id":4206,"date":"2014-05-07T22:31:56","date_gmt":"2014-05-08T01:31:56","guid":{"rendered":"http:\/\/www.toque-musicall.com\/?p=4206"},"modified":"2014-05-13T20:21:01","modified_gmt":"2014-05-13T23:21:01","slug":"agencia-tass-vida-clip-1989","status":"publish","type":"post","link":"https:\/\/www.toque-musicall.com\/?p=4206","title":{"rendered":"Ag\u00eancia Tass &#8211; Vida Clip (1989)"},"content":{"rendered":"<p><img loading=\"lazy\" decoding=\"async\" class=\"aligncenter\" alt=\"\" src=\"http:\/\/3.bp.blogspot.com\/-k5ZQVsxLReE\/U2r5ppfYHnI\/AAAAAAAAI_g\/Mg-bKLtuvbo\/s1600\/capap.JPG\" width=\"1000\" height=\"1000\" \/><img loading=\"lazy\" decoding=\"async\" class=\"aligncenter\" alt=\"\" src=\"http:\/\/2.bp.blogspot.com\/-TS8mYBO1U2U\/U2r4eyRI6yI\/AAAAAAAAI_U\/aAVwFFP1Clk\/s1600\/contracapap.JPG\" width=\"1425\" height=\"1402\" \/><\/p>\n<p>Ol\u00e1 amigos cultos e ocultos! Conforme eu havia dito, nesta semana, irei postando um pouco da produ\u00e7\u00e3o feita aqui na cidade. At\u00e9 \u00e0 d\u00e9cada de oitenta a produ\u00e7\u00e3o musical em Belo Horizonte era muito pr\u00f3pria e caracter\u00edstica, o que talvez dificultasse sua penetra\u00e7\u00e3o no mercado fonogr\u00e1fico nacional. Poucos eram aqueles que se destacavam e isso n\u00e3o \u00e9 por falta de compet\u00eancia, pois qualidade musical e talento, aqui nunca faltou. Faltou talvez uma produ\u00e7\u00e3o mais afinada com o cen\u00e1rio comercial da \u00e9poca e um v\u00f4o mais dedicado por conta dos artistas. O problema \u00e9 que mineiro quer ser antes de artista, m\u00fasico e nem sempre est\u00e1 disposto a entrar no &#8216;esquem\u00e3o&#8217;, ou abrir m\u00e3o do seu p\u00e3o de queijo e suas montanhas. Um bom exemplo \u00e9 o Ag\u00eancia Tass, formado na d\u00e9cada de 80 por um grupo de jovens talentosos, m\u00fasicos que tamb\u00e9m tocavam com os &#8216;peixes grandes&#8217; como Milton Nascimento e a turma do Clube da Esquina. O Ag\u00eancia Tass trazia em sua forma\u00e7\u00e3o os m\u00fasicos Alexandre Lopes e Eduardo Guimar\u00e3es na guitarra, Gilberto Diniz (Gil\u00f3) no baixo e M\u00e1rio Castelo na bateria. Curiosamente, neste que foi o \u00fanico disco da banda, o nome de Eduardo Guimar\u00e3es, ou Eduardo Toledo, como passou a se chamar em carreira solo, s\u00f3 aparece neste disco como participante. Nos destaques e na foto da capa s\u00f3 aparecem os outros tr\u00eas m\u00fasicos. Creio que quando este disco foi gravado, em 1986, Eduardo ainda n\u00e3o era efetivo da banda, embora conste em outras fontes que ele foi um dos fundadores do grupo e algumas das m\u00fasicas deste lp s\u00e3o de sua autoria. &#8220;Vida Clip&#8221; foi outro disco gravado no est\u00fadio do baterista Jo\u00e3o Guimar\u00e3es (do Kamikaze) e lan\u00e7ado pelo selo RGE. O \u00e1lbum, mesmo com a chancela de uma grande gravadora, n\u00e3o decolou para al\u00e9m da montanhas de Minas. As m\u00fasicas eram boas, mas faltava um pouco mais de fermento e aquele velho refr\u00e3o que sempre faz a coisa grudar no ouvido. Nem &#8220;Proibido Proibir&#8221;, de Caetano Veloso conseguiu segurar. Pessoalmente e como bom mineiro, s\u00f3 tenho elogios para essa turma. Gostava mais das apresenta\u00e7\u00f5es ao vivo. Bons tempos, apesar dos pesare<a href=\"http:\/\/depositfiles.org\/files\/dfegrdzte\" target=\"_blank\">s<\/a>&#8230;<\/p>\n<div style=\"text-align: center;\">hip\u00f3crita<\/div>\n<div style=\"text-align: center;\">vida clip<\/div>\n<div style=\"text-align: center;\">mentira<\/div>\n<div style=\"text-align: center;\">v.i.p.<\/div>\n<div style=\"text-align: center;\">proibido proibir<\/div>\n<div style=\"text-align: center;\">tudo que eu queria<\/div>\n<div style=\"text-align: center;\">chinatown<\/div>\n<div style=\"text-align: center;\">bandida<\/div>\n<div style=\"text-align: center;\"><\/div>\n<div style=\"text-align: center;\">.<\/div>\n","protected":false},"excerpt":{"rendered":"<p>Ol\u00e1 amigos cultos e ocultos! Conforme eu havia dito, nesta semana, irei postando um pouco da produ\u00e7\u00e3o feita aqui na cidade. At\u00e9 \u00e0 d\u00e9cada de oitenta a produ\u00e7\u00e3o musical em Belo Horizonte era muito pr\u00f3pria e caracter\u00edstica, o que talvez &hellip; <a href=\"https:\/\/www.toque-musicall.com\/?p=4206\">Continue lendo <span class=\"meta-nav\">&rarr;<\/span><\/a><\/p>\n","protected":false},"author":1,"featured_media":0,"comment_status":"open","ping_status":"closed","sticky":false,"template":"","format":"standard","meta":{"footnotes":""},"categories":[2381,153],"tags":[],"class_list":["post-4206","post","type-post","status-publish","format-standard","hentry","category-agencia-tass","category-selo-rge"],"_links":{"self":[{"href":"https:\/\/www.toque-musicall.com\/index.php?rest_route=\/wp\/v2\/posts\/4206","targetHints":{"allow":["GET"]}}],"collection":[{"href":"https:\/\/www.toque-musicall.com\/index.php?rest_route=\/wp\/v2\/posts"}],"about":[{"href":"https:\/\/www.toque-musicall.com\/index.php?rest_route=\/wp\/v2\/types\/post"}],"author":[{"embeddable":true,"href":"https:\/\/www.toque-musicall.com\/index.php?rest_route=\/wp\/v2\/users\/1"}],"replies":[{"embeddable":true,"href":"https:\/\/www.toque-musicall.com\/index.php?rest_route=%2Fwp%2Fv2%2Fcomments&post=4206"}],"version-history":[{"count":3,"href":"https:\/\/www.toque-musicall.com\/index.php?rest_route=\/wp\/v2\/posts\/4206\/revisions"}],"predecessor-version":[{"id":4213,"href":"https:\/\/www.toque-musicall.com\/index.php?rest_route=\/wp\/v2\/posts\/4206\/revisions\/4213"}],"wp:attachment":[{"href":"https:\/\/www.toque-musicall.com\/index.php?rest_route=%2Fwp%2Fv2%2Fmedia&parent=4206"}],"wp:term":[{"taxonomy":"category","embeddable":true,"href":"https:\/\/www.toque-musicall.com\/index.php?rest_route=%2Fwp%2Fv2%2Fcategories&post=4206"},{"taxonomy":"post_tag","embeddable":true,"href":"https:\/\/www.toque-musicall.com\/index.php?rest_route=%2Fwp%2Fv2%2Ftags&post=4206"}],"curies":[{"name":"wp","href":"https:\/\/api.w.org\/{rel}","templated":true}]}}