{"id":4214,"date":"2014-05-13T21:17:42","date_gmt":"2014-05-14T00:17:42","guid":{"rendered":"http:\/\/www.toque-musicall.com\/?p=4214"},"modified":"2014-05-14T09:25:11","modified_gmt":"2014-05-14T12:25:11","slug":"eugenio-brito-trilha-mineira-1991","status":"publish","type":"post","link":"https:\/\/www.toque-musicall.com\/?p=4214","title":{"rendered":"Eug\u00eanio Brito &#8211; Trilha Mineira (1991)"},"content":{"rendered":"<p><img loading=\"lazy\" decoding=\"async\" class=\"aligncenter\" alt=\"\" src=\"http:\/\/3.bp.blogspot.com\/-Y5hJ-PleXpM\/U3NJ92me-hI\/AAAAAAAAJAw\/M0e9fcrLpKI\/s1600\/capa+P.JPG\" width=\"1000\" height=\"991\" \/><img loading=\"lazy\" decoding=\"async\" class=\"aligncenter\" alt=\"\" src=\"http:\/\/2.bp.blogspot.com\/-hqZCIHad6Lc\/U3NKH7b-8XI\/AAAAAAAAJA0\/7kavqZuQYPA\/s1600\/con+tracapa.JPG\" width=\"1600\" height=\"1597\" \/><\/p>\n<p>Ol\u00e1 amigos cultos e ocultos! Eu pensei que iria ficar mais folgado a partir deste m\u00eas, tendo assim mais tempo para me dedicar \u00e0s postagens, mas realmente est\u00e1 dif\u00edcil. Morreu o Jair Rodrigues, teve o Dia das M\u00e3es&#8230; e eu acabei n\u00e3o prestando as minhas homenagens. Podia at\u00e9 faz\u00ea-las agora, por\u00e9m ainda estou na d\u00edvida com a &#8216;minerada&#8217;. Vou continuar nesta semana apresentando a m\u00fasica que vem de Minas.<br \/>\nPara hoje eu trago esta produ\u00e7\u00e3o independente do compositor Eug\u00eanio Brito, lan\u00e7ada em 1991 pela editora Letra &amp; M\u00fasica e gravado na Bemol. Este \u00e1lbum \u00e9 resultado da premia\u00e7\u00e3o de Eug\u00eanio Brito no 1\u00ba Festival de M\u00fasica da Cidade de Vespasiano, realizado em 1990. Neste festival, produzido tamb\u00e9m pela Letra &amp; M\u00fasica, Eug\u00eanio faturou o primeiro lugar com a can\u00e7\u00e3o &#8220;Trilha Mineira&#8221; e teve tamb\u00e9m outra m\u00fasica, &#8220;Giramundo&#8221;, classificada entre as oito finalistas. O lp saiu no ano seguinte, sendo produzido pelo pr\u00f3prio artista e contando com a participa\u00e7\u00e3o de outros grandes nomes da m\u00fasica mineira, como Maur\u00edcio Tizumba, Fernando Rodrigues e outros. Andr\u00e9 Dequech e Renato Mota, que tamb\u00e9m tocam nas faixas, s\u00e3o os respons\u00e1veis pelos arranjos. Por a\u00ed j\u00e1 d\u00e1 para sentir as qualidades deste trabalho. Confira<a href=\"http:\/\/depositfiles.org\/files\/l7eh5ct01\" target=\"_blank\">m<\/a>!<\/p>\n<div style=\"text-align: center;\">sangria<\/div>\n<div style=\"text-align: center;\">doce rio acima<\/div>\n<div style=\"text-align: center;\">trilha mineira<\/div>\n<div style=\"text-align: center;\">brincadeira<\/div>\n<div style=\"text-align: center;\">os miser\u00e1veis<\/div>\n<div style=\"text-align: center;\">daniel<\/div>\n<div style=\"text-align: center;\">terra\/na\u00e7\u00e3o<\/div>\n<div style=\"text-align: center;\">viramundo<\/div>\n<div style=\"text-align: center;\">neneco<\/div>\n<div style=\"text-align: center;\"><\/div>\n<div style=\"text-align: center;\">.<\/div>\n","protected":false},"excerpt":{"rendered":"<p>Ol\u00e1 amigos cultos e ocultos! Eu pensei que iria ficar mais folgado a partir deste m\u00eas, tendo assim mais tempo para me dedicar \u00e0s postagens, mas realmente est\u00e1 dif\u00edcil. Morreu o Jair Rodrigues, teve o Dia das M\u00e3es&#8230; e eu &hellip; <a href=\"https:\/\/www.toque-musicall.com\/?p=4214\">Continue lendo <span class=\"meta-nav\">&rarr;<\/span><\/a><\/p>\n","protected":false},"author":1,"featured_media":0,"comment_status":"open","ping_status":"closed","sticky":false,"template":"","format":"standard","meta":{"footnotes":""},"categories":[2382,25],"tags":[],"class_list":["post-4214","post","type-post","status-publish","format-standard","hentry","category-eugenio-brito","category-selo-independente"],"_links":{"self":[{"href":"https:\/\/www.toque-musicall.com\/index.php?rest_route=\/wp\/v2\/posts\/4214","targetHints":{"allow":["GET"]}}],"collection":[{"href":"https:\/\/www.toque-musicall.com\/index.php?rest_route=\/wp\/v2\/posts"}],"about":[{"href":"https:\/\/www.toque-musicall.com\/index.php?rest_route=\/wp\/v2\/types\/post"}],"author":[{"embeddable":true,"href":"https:\/\/www.toque-musicall.com\/index.php?rest_route=\/wp\/v2\/users\/1"}],"replies":[{"embeddable":true,"href":"https:\/\/www.toque-musicall.com\/index.php?rest_route=%2Fwp%2Fv2%2Fcomments&post=4214"}],"version-history":[{"count":1,"href":"https:\/\/www.toque-musicall.com\/index.php?rest_route=\/wp\/v2\/posts\/4214\/revisions"}],"predecessor-version":[{"id":4215,"href":"https:\/\/www.toque-musicall.com\/index.php?rest_route=\/wp\/v2\/posts\/4214\/revisions\/4215"}],"wp:attachment":[{"href":"https:\/\/www.toque-musicall.com\/index.php?rest_route=%2Fwp%2Fv2%2Fmedia&parent=4214"}],"wp:term":[{"taxonomy":"category","embeddable":true,"href":"https:\/\/www.toque-musicall.com\/index.php?rest_route=%2Fwp%2Fv2%2Fcategories&post=4214"},{"taxonomy":"post_tag","embeddable":true,"href":"https:\/\/www.toque-musicall.com\/index.php?rest_route=%2Fwp%2Fv2%2Ftags&post=4214"}],"curies":[{"name":"wp","href":"https:\/\/api.w.org\/{rel}","templated":true}]}}