{"id":422,"date":"2011-06-23T01:38:00","date_gmt":"2011-06-23T01:38:00","guid":{"rendered":"http:\/\/www.toque-musicall.com\/?p=422"},"modified":"2011-06-23T01:38:00","modified_gmt":"2011-06-23T01:38:00","slug":"waldir-calmon-musica-de-herivelto-martins-1955","status":"publish","type":"post","link":"https:\/\/www.toque-musicall.com\/?p=422","title":{"rendered":"Waldir Calmon &#8211; M\u00fasica De Herivelto Martins (1955)"},"content":{"rendered":"<div style=\"clear: both; text-align: center;\"><a href=\"http:\/\/2.bp.blogspot.com\/-qPeFuuAgLXQ\/TgJyD57-jfI\/AAAAAAAAIJA\/cIuASow4LqE\/s1600\/wchm+P.JPG\" style=\"margin-left: 1em; margin-right: 1em;\"><img loading=\"lazy\" decoding=\"async\" border=\"0\" height=\"400\" src=\"http:\/\/2.bp.blogspot.com\/-qPeFuuAgLXQ\/TgJyD57-jfI\/AAAAAAAAIJA\/cIuASow4LqE\/s400\/wchm+P.JPG\" width=\"395\" \/><\/a><\/div>\n<p>Boa noite para voc\u00eas, amigos cultos e ocultos! Devido a uma insistente e dolorosa sinusite estou hoje bem confuso, sem paci\u00eancia e precisando de uma cama. S\u00f3 mesmo por honra da firma \u00e9 que estou aqui. Comecei uma postagem hoje, logo cedo, mas nesse mal estado acabei por n\u00e3o terminar. Fiz uma bagun\u00e7a com os arquivos que a\u00ed eu preferi mudar o disco do dia. Troquei o Briamonte, num disco de samba, por este \u00e1lbum do Waldir Calmon interpretando a m\u00fasica de Herivelto. Era o que eu j\u00e1 tinha pronto, al\u00e9m dos meus outros &#8216;discos de gaveta&#8217; que s\u00f3 entram quando eu estou no aperto.<br \/>Vamos assim com o Waldir Calmon, que j\u00e1 \u00e9 figurinha carimbada por aqui, mas que traz (e vale a pena conferir) a m\u00fasica de um dos nossos maiores compositores, Herivelto Martins.<br \/>Gente, vai conferindo a\u00ed, porque as minhas dores voltaram. Vou tomar uma Coristina e cair na cama. At\u00e9 amanh\u00e3&#8230; \ud83d\ude41<\/p>\n<div style=\"text-align: center;\">ave maria do morro<\/div>\n<div style=\"text-align: center;\">caminhemos<\/div>\n<div style=\"text-align: center;\">amigo<\/div>\n<div style=\"text-align: center;\">recusa<\/div>\n<div style=\"text-align: center;\">laurindo<\/div>\n<div style=\"text-align: center;\">edredon vermelho<\/div>\n<div style=\"text-align: center;\">culpe-me<\/div>\n<div style=\"text-align: center;\">sem ela<\/div>\n","protected":false},"excerpt":{"rendered":"<p>Boa noite para voc\u00eas, amigos cultos e ocultos! Devido a uma insistente e dolorosa sinusite estou hoje bem confuso, sem paci\u00eancia e precisando de uma cama. S\u00f3 mesmo por honra da firma \u00e9 que estou aqui. Comecei uma postagem hoje, &hellip; <a href=\"https:\/\/www.toque-musicall.com\/?p=422\">Continue lendo <span class=\"meta-nav\">&rarr;<\/span><\/a><\/p>\n","protected":false},"author":1,"featured_media":0,"comment_status":"open","ping_status":"closed","sticky":false,"template":"","format":"standard","meta":{"footnotes":""},"categories":[672,221,665],"tags":[],"class_list":["post-422","post","type-post","status-publish","format-standard","hentry","category-herivelto-martins","category-selo-radio","category-waldir-calmon"],"_links":{"self":[{"href":"https:\/\/www.toque-musicall.com\/index.php?rest_route=\/wp\/v2\/posts\/422","targetHints":{"allow":["GET"]}}],"collection":[{"href":"https:\/\/www.toque-musicall.com\/index.php?rest_route=\/wp\/v2\/posts"}],"about":[{"href":"https:\/\/www.toque-musicall.com\/index.php?rest_route=\/wp\/v2\/types\/post"}],"author":[{"embeddable":true,"href":"https:\/\/www.toque-musicall.com\/index.php?rest_route=\/wp\/v2\/users\/1"}],"replies":[{"embeddable":true,"href":"https:\/\/www.toque-musicall.com\/index.php?rest_route=%2Fwp%2Fv2%2Fcomments&post=422"}],"version-history":[{"count":0,"href":"https:\/\/www.toque-musicall.com\/index.php?rest_route=\/wp\/v2\/posts\/422\/revisions"}],"wp:attachment":[{"href":"https:\/\/www.toque-musicall.com\/index.php?rest_route=%2Fwp%2Fv2%2Fmedia&parent=422"}],"wp:term":[{"taxonomy":"category","embeddable":true,"href":"https:\/\/www.toque-musicall.com\/index.php?rest_route=%2Fwp%2Fv2%2Fcategories&post=422"},{"taxonomy":"post_tag","embeddable":true,"href":"https:\/\/www.toque-musicall.com\/index.php?rest_route=%2Fwp%2Fv2%2Ftags&post=422"}],"curies":[{"name":"wp","href":"https:\/\/api.w.org\/{rel}","templated":true}]}}