{"id":4222,"date":"2014-05-16T23:14:49","date_gmt":"2014-05-17T02:14:49","guid":{"rendered":"http:\/\/www.toque-musicall.com\/?p=4222"},"modified":"2014-05-18T11:06:29","modified_gmt":"2014-05-18T14:06:29","slug":"geninho-lima-vida-belvedere-blues-1990","status":"publish","type":"post","link":"https:\/\/www.toque-musicall.com\/?p=4222","title":{"rendered":"Geninho Lima &#8211; Vida Belvedere Blues (1990)"},"content":{"rendered":"<p><img loading=\"lazy\" decoding=\"async\" class=\"aligncenter\" alt=\"\" src=\"http:\/\/3.bp.blogspot.com\/-qqYpQfCyVgc\/U3ipZEBRjRI\/AAAAAAAAJB4\/zyzDWTv3wzg\/s1600\/capa.JPG\" width=\"1562\" height=\"1600\" \/><img loading=\"lazy\" decoding=\"async\" class=\"aligncenter\" alt=\"\" src=\"http:\/\/1.bp.blogspot.com\/-qTrHe2-P6xs\/U3iphbD_RcI\/AAAAAAAAJCA\/swWhmCH0oHg\/s1600\/contra.JPG\" width=\"1586\" height=\"1600\" \/><\/p>\n<p>Amigos cultos e ocultos, boa noite! Continuando a mostra dos artistas e conjuntos mineiros, segue aqui mais um. Desta vez eu apresento a voc\u00eas, Geninho Lima, um guitarrista e violonista que foi destaque nos anos 80 na m\u00fasica feita em Minas Gerais. Pelo pouco que eu sei, ele gravou uns tr\u00eas disco solo e esteve presente em grava\u00e7\u00f5es de outros artistas. H\u00e1 tempos ele anda sumido, n\u00e3o sei se ainda continua produzindo. O que se encontra de informa\u00e7\u00e3o \u00e9 somente atrav\u00e9s de suas m\u00fasicas, publicadas no Youtube. Quem sabe, uma hora dessas algu\u00e9m, ou ele pr\u00f3prio, apare\u00e7a por aqui esclarecendo um pouco mais as coisas?<br \/>\n&#8220;Vida Belvedere Blues&#8221;, creio eu , foi o seu terceiro disco, produ\u00e7\u00e3o independente de 1990. Um \u00e1lbum de capa dupla, bem produzido e um repert\u00f3rio autoral acima da m\u00e9dia. O disco foi gravado no Est\u00fadio JG, do baterista Jo\u00e3o Guimar\u00e3es, que tamb\u00e9m marca presen\u00e7a no disco ao lado de outras feras como M\u00e1rio Castelo e Gilberto Diniz (Ag\u00eancia Tass), Reginaldo Silva (Kamikaze), Marcos Gauguin (Sgt. Pepper&#8217;s Band), Carlos Ivan e Fernando Chico. Um bom disco, podem conferi<a href=\"http:\/\/depositfiles.org\/files\/lr5x63a1u\" target=\"_blank\">r<\/a>&#8230;<\/p>\n<div style=\"text-align: center;\">vida<\/div>\n<div style=\"text-align: center;\">estou longe demais<\/div>\n<div style=\"text-align: center;\">africa<\/div>\n<div style=\"text-align: center;\">o novo amor se acabou<\/div>\n<div style=\"text-align: center;\">belvedere blues<\/div>\n<div style=\"text-align: center;\">n\u00e3o faz sentido<\/div>\n<div style=\"text-align: center;\">eu vi<\/div>\n<div style=\"text-align: center;\">v\u00edcios mal\u00e9ficos<\/div>\n<div style=\"text-align: center;\">a brisa<\/div>\n<div style=\"text-align: center;\"><\/div>\n<div style=\"text-align: center;\">.<\/div>\n","protected":false},"excerpt":{"rendered":"<p>Amigos cultos e ocultos, boa noite! Continuando a mostra dos artistas e conjuntos mineiros, segue aqui mais um. Desta vez eu apresento a voc\u00eas, Geninho Lima, um guitarrista e violonista que foi destaque nos anos 80 na m\u00fasica feita em &hellip; <a href=\"https:\/\/www.toque-musicall.com\/?p=4222\">Continue lendo <span class=\"meta-nav\">&rarr;<\/span><\/a><\/p>\n","protected":false},"author":1,"featured_media":0,"comment_status":"open","ping_status":"closed","sticky":false,"template":"","format":"standard","meta":{"footnotes":""},"categories":[2385,25],"tags":[],"class_list":["post-4222","post","type-post","status-publish","format-standard","hentry","category-geninho-lima","category-selo-independente"],"_links":{"self":[{"href":"https:\/\/www.toque-musicall.com\/index.php?rest_route=\/wp\/v2\/posts\/4222","targetHints":{"allow":["GET"]}}],"collection":[{"href":"https:\/\/www.toque-musicall.com\/index.php?rest_route=\/wp\/v2\/posts"}],"about":[{"href":"https:\/\/www.toque-musicall.com\/index.php?rest_route=\/wp\/v2\/types\/post"}],"author":[{"embeddable":true,"href":"https:\/\/www.toque-musicall.com\/index.php?rest_route=\/wp\/v2\/users\/1"}],"replies":[{"embeddable":true,"href":"https:\/\/www.toque-musicall.com\/index.php?rest_route=%2Fwp%2Fv2%2Fcomments&post=4222"}],"version-history":[{"count":1,"href":"https:\/\/www.toque-musicall.com\/index.php?rest_route=\/wp\/v2\/posts\/4222\/revisions"}],"predecessor-version":[{"id":4223,"href":"https:\/\/www.toque-musicall.com\/index.php?rest_route=\/wp\/v2\/posts\/4222\/revisions\/4223"}],"wp:attachment":[{"href":"https:\/\/www.toque-musicall.com\/index.php?rest_route=%2Fwp%2Fv2%2Fmedia&parent=4222"}],"wp:term":[{"taxonomy":"category","embeddable":true,"href":"https:\/\/www.toque-musicall.com\/index.php?rest_route=%2Fwp%2Fv2%2Fcategories&post=4222"},{"taxonomy":"post_tag","embeddable":true,"href":"https:\/\/www.toque-musicall.com\/index.php?rest_route=%2Fwp%2Fv2%2Ftags&post=4222"}],"curies":[{"name":"wp","href":"https:\/\/api.w.org\/{rel}","templated":true}]}}