{"id":4224,"date":"2014-05-17T19:03:28","date_gmt":"2014-05-17T22:03:28","guid":{"rendered":"http:\/\/www.toque-musicall.com\/?p=4224"},"modified":"2014-05-18T19:06:44","modified_gmt":"2014-05-18T22:06:44","slug":"tania-braz-mistura-pura-1992","status":"publish","type":"post","link":"https:\/\/www.toque-musicall.com\/?p=4224","title":{"rendered":"T\u00e2nia Braz &#8211; Mistura Pura (1992)"},"content":{"rendered":"<p><img loading=\"lazy\" decoding=\"async\" class=\"aligncenter\" alt=\"\" src=\"http:\/\/4.bp.blogspot.com\/-mYoU3XS5ybE\/U3kO_jncsbI\/AAAAAAAAJCw\/N9oZNA_Vo54\/s1600\/capap.JPG\" width=\"1000\" height=\"995\" \/><img loading=\"lazy\" decoding=\"async\" class=\"aligncenter\" alt=\"\" src=\"http:\/\/3.bp.blogspot.com\/-4CAeQ5wrjrE\/U3kPFZBqP0I\/AAAAAAAAJC4\/aL6zWhTbF3c\/s1600\/contrap.JPG\" width=\"1000\" height=\"992\" \/>Boa noite, amigos cultos e ocultos! Chegamos aqui a mais uma postagem dedicada aos artistas do meu bairro, quero dizer, da minha cidade de Belo Horizonte \ud83d\ude42 Trago agora para voc\u00eas a cantora e compositora T\u00e2nia Braz, uma artista que se estivesse vivendo no Rio ou em S\u00e3o Paulo, certamente estaria por a\u00ed fazendo o maior sucesso. De forma\u00e7\u00e3o acad\u00eamica, iniciou sua jornada art\u00edstica no renomado coral da UFMG, o Ars Nova. Formada em Arquitetura, acabou se &#8216;bandeando&#8217; para a m\u00fasica onde tamb\u00e9m se graduou em composi\u00e7\u00e3o e orquestra\u00e7\u00e3o na Escola de M\u00fasica da UFMG. Estudou canto l\u00edrico, teatro e dan\u00e7a, sendo assim uma artista bem completa. Sempre esteve envolvida em projetos culturais da cidade, principalmente na d\u00e9cada de 90, quando ent\u00e3o teve a oportunidade de gravar este que foi o seu primeiro disco. T\u00e2nia Braz \u00e9 mesmo uma artista e tanto, mostrando sua arte em diversos e diferentes espet\u00e1culos. Passou pela m\u00fasica espanhola e latino americana com seu grupo &#8220;Agny&#8221;, com o qual realizou diversas apresenta\u00e7\u00f5es em Belo Horizonte. Trabalhou tamb\u00e9m com o grupo Uakti e foi vocalista e compositora no grupo de rock progressivo &#8220;Arion&#8221; com quem gravou um cd , voltado principalmente para o mercado internacional. O disco foi distribu\u00eddo pela gravadora Rock Symphony\/Musea e T\u00e2nia consagrada como uma das melhores cantoras de progressivo no mundo em 2001.<br \/>\n&#8220;Mistura Pura&#8221;, seu primeiro disco solo, \u00e9 um lp muito interessante, onde T\u00e2nia nos apresenta suas boas composi\u00e7\u00f5es e tamb\u00e9m interpreta com estilo outras, como &#8220;Gracias a la vida&#8221;, de Violeta Parra; &#8220;La vien rose&#8221;, de Edith Piaf; &#8220;Don&#8217;t cry for me Argentina&#8221;, da obra &#8220;Evita&#8221;, de Andrew Lloyd Weber.<br \/>\nT\u00e2nia passeia bem por todos os g\u00eaneros que se envolve. Ao longo desse tempo ela gravou, pelo menos, mais uns dois cds. Eu n\u00e3o os conhe\u00e7o, mas acredito que sejam t\u00e3o bons quanto est<a href=\"http:\/\/depositfiles.org\/files\/83ljtq2c1\" target=\"_blank\">e<\/a>. \ud83d\ude09<\/p>\n<div style=\"text-align: center;\">don&#8217;t cry for me argentina<\/div>\n<div style=\"text-align: center;\">cada coisa<\/div>\n<div style=\"text-align: center;\">juanita<\/div>\n<div style=\"text-align: center;\">congado do pai<\/div>\n<div style=\"text-align: center;\">la vien rose<\/div>\n<div style=\"text-align: center;\">pescador<\/div>\n<div style=\"text-align: center;\">crisis is over<\/div>\n<div style=\"text-align: center;\">segue no vazio<\/div>\n<div style=\"text-align: center;\">a li\u00e7\u00e3o<\/div>\n<div style=\"text-align: center;\">gracias a la vida<\/div>\n<div style=\"text-align: center;\"><\/div>\n<div style=\"text-align: center;\">.<\/div>\n","protected":false},"excerpt":{"rendered":"<p>Boa noite, amigos cultos e ocultos! Chegamos aqui a mais uma postagem dedicada aos artistas do meu bairro, quero dizer, da minha cidade de Belo Horizonte \ud83d\ude42 Trago agora para voc\u00eas a cantora e compositora T\u00e2nia Braz, uma artista que &hellip; <a href=\"https:\/\/www.toque-musicall.com\/?p=4224\">Continue lendo <span class=\"meta-nav\">&rarr;<\/span><\/a><\/p>\n","protected":false},"author":1,"featured_media":0,"comment_status":"open","ping_status":"closed","sticky":false,"template":"","format":"standard","meta":{"footnotes":""},"categories":[25,2386],"tags":[],"class_list":["post-4224","post","type-post","status-publish","format-standard","hentry","category-selo-independente","category-tania-braz"],"_links":{"self":[{"href":"https:\/\/www.toque-musicall.com\/index.php?rest_route=\/wp\/v2\/posts\/4224","targetHints":{"allow":["GET"]}}],"collection":[{"href":"https:\/\/www.toque-musicall.com\/index.php?rest_route=\/wp\/v2\/posts"}],"about":[{"href":"https:\/\/www.toque-musicall.com\/index.php?rest_route=\/wp\/v2\/types\/post"}],"author":[{"embeddable":true,"href":"https:\/\/www.toque-musicall.com\/index.php?rest_route=\/wp\/v2\/users\/1"}],"replies":[{"embeddable":true,"href":"https:\/\/www.toque-musicall.com\/index.php?rest_route=%2Fwp%2Fv2%2Fcomments&post=4224"}],"version-history":[{"count":1,"href":"https:\/\/www.toque-musicall.com\/index.php?rest_route=\/wp\/v2\/posts\/4224\/revisions"}],"predecessor-version":[{"id":4225,"href":"https:\/\/www.toque-musicall.com\/index.php?rest_route=\/wp\/v2\/posts\/4224\/revisions\/4225"}],"wp:attachment":[{"href":"https:\/\/www.toque-musicall.com\/index.php?rest_route=%2Fwp%2Fv2%2Fmedia&parent=4224"}],"wp:term":[{"taxonomy":"category","embeddable":true,"href":"https:\/\/www.toque-musicall.com\/index.php?rest_route=%2Fwp%2Fv2%2Fcategories&post=4224"},{"taxonomy":"post_tag","embeddable":true,"href":"https:\/\/www.toque-musicall.com\/index.php?rest_route=%2Fwp%2Fv2%2Ftags&post=4224"}],"curies":[{"name":"wp","href":"https:\/\/api.w.org\/{rel}","templated":true}]}}