{"id":423,"date":"2011-06-21T22:16:00","date_gmt":"2011-06-21T22:16:00","guid":{"rendered":"http:\/\/www.toque-musicall.com\/?p=423"},"modified":"2011-06-21T22:16:00","modified_gmt":"2011-06-21T22:16:00","slug":"jorge-goulart-eu-sou-o-samba-1960","status":"publish","type":"post","link":"https:\/\/www.toque-musicall.com\/?p=423","title":{"rendered":"Jorge Goulart &#8211; Eu Sou O Samba (1960)"},"content":{"rendered":"<div style=\"clear: both; text-align: center;\"><a href=\"http:\/\/3.bp.blogspot.com\/-WxiuYHR8nt0\/TgEN9DnzwaI\/AAAAAAAAIH4\/8uNjk9nHJyg\/s1600\/jorge+P.JPG\" style=\"margin-left: 1em; margin-right: 1em;\"><img loading=\"lazy\" decoding=\"async\" border=\"0\" height=\"400\" src=\"http:\/\/3.bp.blogspot.com\/-WxiuYHR8nt0\/TgEN9DnzwaI\/AAAAAAAAIH4\/8uNjk9nHJyg\/s400\/jorge+P.JPG\" width=\"398\" \/><\/a><\/div>\n<p>Boa noite, amigos cultos e ocultos! Na brecha do meu tumultuado dia, aproveito para fazer logo a postagem, antes que fique ainda mais tarde e eu sem disposi\u00e7\u00e3o, acabe por n\u00e3o faz\u00ea-la. Estou numa sinusite brava, parece at\u00e9 aquelas ressacas de vinho Sulino. N\u00e3o vejo a hora de chegar em casa, tomar um banho e cair na cama. Mas antes, vamos ao &#8216;post&#8217; de hoje&#8230;<br \/>Olha s\u00f3 que beleza, um raro \u00e1lbum do cantor Jorge Goulart. Talvez um de seus melhores discos, lan\u00e7ado pela RCA Victor em 1960. Um disco, obviamente, de samba e samba de primeira. Aqui encontramos Jorge Goulart interpretando um repert\u00f3rio com direito a tr\u00eas m\u00fasicas de Z\u00e9 Keti, entre elas o cl\u00e1ssico &#8220;A voz do morro&#8221;, m\u00fasica que abre o disco e serviu de inspira\u00e7\u00e3o para o t\u00edtulo do \u00e1lbum. Mestres da composi\u00e7\u00e3o como Ary Barroso, M\u00e1rio Lago e Herv\u00ea Cordovil, tamb\u00e9m comparecem no disco. Chamo aten\u00e7\u00e3o para as faixas, &#8220;Meu samba&#8221;, de L\u00facio Alves e Armando Louzada e &#8220;Bras\u00edlia, capital da esperan\u00e7a&#8221;, de Cid Magalh\u00e3es e Ivo Santos, m\u00fasica esta, feita em homeagem \u00e0 ent\u00e3o nova capital do Brasil.<br \/>Confiram aqui, em primeira m\u00e3o, este \u00e1lbum nota 10 \ud83d\ude09<\/p>\n<div style=\"text-align: center;\">a voz do morro<\/div>\n<div style=\"text-align: center;\">n\u00e3o sou feliz<\/div>\n<div style=\"text-align: center;\">eu nasci no morro<\/div>\n<div style=\"text-align: center;\">meu samba<\/div>\n<div style=\"text-align: center;\">se o mal pensar, \u00e9 pecado<\/div>\n<div style=\"text-align: center;\">bras\u00edlia, capital da esperan\u00e7a<\/div>\n<div style=\"text-align: center;\">samba fant\u00e1stico<\/div>\n<div style=\"text-align: center;\">jo\u00e3o cacha\u00e7a<\/div>\n<div style=\"text-align: center;\">\u00e9 luxo s\u00f3<\/div>\n<div style=\"text-align: center;\">lamento de um sambista<\/div>\n<div style=\"text-align: center;\">\u00e9 manh\u00e3 no morro<\/div>\n<div style=\"text-align: center;\">o rei do samba<\/div>\n<div style=\"text-align: center;\"><\/div>\n<div style=\"text-align: center;\"><\/div>\n","protected":false},"excerpt":{"rendered":"<p>Boa noite, amigos cultos e ocultos! Na brecha do meu tumultuado dia, aproveito para fazer logo a postagem, antes que fique ainda mais tarde e eu sem disposi\u00e7\u00e3o, acabe por n\u00e3o faz\u00ea-la. Estou numa sinusite brava, parece at\u00e9 aquelas ressacas &hellip; <a href=\"https:\/\/www.toque-musicall.com\/?p=423\">Continue lendo <span class=\"meta-nav\">&rarr;<\/span><\/a><\/p>\n","protected":false},"author":1,"featured_media":0,"comment_status":"open","ping_status":"closed","sticky":false,"template":"","format":"standard","meta":{"footnotes":""},"categories":[84,70],"tags":[],"class_list":["post-423","post","type-post","status-publish","format-standard","hentry","category-jorge-goulart","category-selo-rca-victor"],"_links":{"self":[{"href":"https:\/\/www.toque-musicall.com\/index.php?rest_route=\/wp\/v2\/posts\/423","targetHints":{"allow":["GET"]}}],"collection":[{"href":"https:\/\/www.toque-musicall.com\/index.php?rest_route=\/wp\/v2\/posts"}],"about":[{"href":"https:\/\/www.toque-musicall.com\/index.php?rest_route=\/wp\/v2\/types\/post"}],"author":[{"embeddable":true,"href":"https:\/\/www.toque-musicall.com\/index.php?rest_route=\/wp\/v2\/users\/1"}],"replies":[{"embeddable":true,"href":"https:\/\/www.toque-musicall.com\/index.php?rest_route=%2Fwp%2Fv2%2Fcomments&post=423"}],"version-history":[{"count":0,"href":"https:\/\/www.toque-musicall.com\/index.php?rest_route=\/wp\/v2\/posts\/423\/revisions"}],"wp:attachment":[{"href":"https:\/\/www.toque-musicall.com\/index.php?rest_route=%2Fwp%2Fv2%2Fmedia&parent=423"}],"wp:term":[{"taxonomy":"category","embeddable":true,"href":"https:\/\/www.toque-musicall.com\/index.php?rest_route=%2Fwp%2Fv2%2Fcategories&post=423"},{"taxonomy":"post_tag","embeddable":true,"href":"https:\/\/www.toque-musicall.com\/index.php?rest_route=%2Fwp%2Fv2%2Ftags&post=423"}],"curies":[{"name":"wp","href":"https:\/\/api.w.org\/{rel}","templated":true}]}}