{"id":4234,"date":"2014-05-21T22:52:23","date_gmt":"2014-05-22T01:52:23","guid":{"rendered":"http:\/\/www.toque-musicall.com\/?p=4234"},"modified":"2014-05-22T09:03:39","modified_gmt":"2014-05-22T12:03:39","slug":"tito-madi-a-saudade-mata-a-gente-1958","status":"publish","type":"post","link":"https:\/\/www.toque-musicall.com\/?p=4234","title":{"rendered":"Tito Madi &#8211; A Saudade Mata A Gente (1958)"},"content":{"rendered":"<p><img loading=\"lazy\" decoding=\"async\" class=\"aligncenter\" alt=\"\" src=\"http:\/\/2.bp.blogspot.com\/-cnsbzlZKfAA\/U33eTK7Kl4I\/AAAAAAAAJEU\/sil04gXzqsY\/s1600\/capap.JPG\" width=\"1000\" height=\"995\" \/><img loading=\"lazy\" decoding=\"async\" class=\"aligncenter\" alt=\"\" src=\"http:\/\/4.bp.blogspot.com\/-7-Fj2NEWhws\/U33eZL0K_PI\/AAAAAAAAJEc\/eP-UqmTegfY\/s1600\/contrap.JPG\" width=\"1000\" height=\"998\" \/><\/p>\n<div>Boa noite, amigos cultos e ocultos. J\u00e1 h\u00e1 algum tempo eu estava para postar este disco do Tito Madi, o primeiro lp de 12 polegadas gravado por ele. Foram muitos os pedidos e em resposta as promessas. S\u00f3 n\u00e3o o fiz antes porque o disco precisava de um bom tratamento, tanto no \u00e1udio quanto em seu visual. Ainda\u00a0 n\u00e3o cheguei ao ideal, mas creio que j\u00e1 dei uma boa melhorada a ponto de apresent\u00e1-los aqui para voc\u00eas. Como disse, este foi o primeiro lp gravado por Tito Madi. Alguns dizem que foi gravado em 57, outros em 58. Na d\u00favida, s\u00f3 perguntando ao pr\u00f3prio artista. O certo \u00e9 que, nos meus &#8216;garimpos&#8217; (quando eu ainda tinha tempo como voc\u00eas), eu nunca vi este lp postado em outros blogs. Imagino que seja esta a primeira vez em que ele entra na roda, integralmente. As apresenta\u00e7\u00f5es quanto ao repert\u00f3rio e ao pr\u00f3prio disco eu deixo a cargo dele pr\u00f3prio. Estou t\u00e3o cansado que acho que vou dormir um pouco, antes mesmo de publicar esta postagem. Segura a onda a\u00ed&#8230; T\u00f4 logo acordando, o<a href=\"http:\/\/depositfiles.org\/files\/wlklpht51\" target=\"_blank\">k<\/a>? \ud83d\ude09<\/div>\n<div><\/div>\n<div style=\"text-align: center;\">uma loira<\/div>\n<div style=\"text-align: center;\">esquece<\/div>\n<div style=\"text-align: center;\">somos dois<\/div>\n<div style=\"text-align: center;\">barqueiro do s\u00e3o francisco<\/div>\n<div style=\"text-align: center;\">sempre teu<\/div>\n<div style=\"text-align: center;\">nova ilus\u00e3o<\/div>\n<div style=\"text-align: center;\">copacabana<\/div>\n<div style=\"text-align: center;\">n\u00e3o tem solu\u00e7\u00e3o<\/div>\n<div style=\"text-align: center;\">marina<\/div>\n<div style=\"text-align: center;\">um cantinho e voc\u00ea<\/div>\n<div style=\"text-align: center;\">ponto final<\/div>\n<div style=\"text-align: center;\">a saudade mata a gente<\/div>\n<div style=\"text-align: center;\"><\/div>\n<div style=\"text-align: center;\">.<\/div>\n","protected":false},"excerpt":{"rendered":"<p>Boa noite, amigos cultos e ocultos. J\u00e1 h\u00e1 algum tempo eu estava para postar este disco do Tito Madi, o primeiro lp de 12 polegadas gravado por ele. Foram muitos os pedidos e em resposta as promessas. S\u00f3 n\u00e3o o &hellip; <a href=\"https:\/\/www.toque-musicall.com\/?p=4234\">Continue lendo <span class=\"meta-nav\">&rarr;<\/span><\/a><\/p>\n","protected":false},"author":1,"featured_media":0,"comment_status":"open","ping_status":"closed","sticky":false,"template":"","format":"standard","meta":{"footnotes":""},"categories":[40,89],"tags":[],"class_list":["post-4234","post","type-post","status-publish","format-standard","hentry","category-selo-continental","category-tito-madi"],"_links":{"self":[{"href":"https:\/\/www.toque-musicall.com\/index.php?rest_route=\/wp\/v2\/posts\/4234","targetHints":{"allow":["GET"]}}],"collection":[{"href":"https:\/\/www.toque-musicall.com\/index.php?rest_route=\/wp\/v2\/posts"}],"about":[{"href":"https:\/\/www.toque-musicall.com\/index.php?rest_route=\/wp\/v2\/types\/post"}],"author":[{"embeddable":true,"href":"https:\/\/www.toque-musicall.com\/index.php?rest_route=\/wp\/v2\/users\/1"}],"replies":[{"embeddable":true,"href":"https:\/\/www.toque-musicall.com\/index.php?rest_route=%2Fwp%2Fv2%2Fcomments&post=4234"}],"version-history":[{"count":2,"href":"https:\/\/www.toque-musicall.com\/index.php?rest_route=\/wp\/v2\/posts\/4234\/revisions"}],"predecessor-version":[{"id":4236,"href":"https:\/\/www.toque-musicall.com\/index.php?rest_route=\/wp\/v2\/posts\/4234\/revisions\/4236"}],"wp:attachment":[{"href":"https:\/\/www.toque-musicall.com\/index.php?rest_route=%2Fwp%2Fv2%2Fmedia&parent=4234"}],"wp:term":[{"taxonomy":"category","embeddable":true,"href":"https:\/\/www.toque-musicall.com\/index.php?rest_route=%2Fwp%2Fv2%2Fcategories&post=4234"},{"taxonomy":"post_tag","embeddable":true,"href":"https:\/\/www.toque-musicall.com\/index.php?rest_route=%2Fwp%2Fv2%2Ftags&post=4234"}],"curies":[{"name":"wp","href":"https:\/\/api.w.org\/{rel}","templated":true}]}}