{"id":424,"date":"2011-06-20T11:18:00","date_gmt":"2011-06-20T11:18:00","guid":{"rendered":"http:\/\/www.toque-musicall.com\/?p=424"},"modified":"2011-06-20T11:18:00","modified_gmt":"2011-06-20T11:18:00","slug":"gilson-de-souza-poeta-de-rua-1979","status":"publish","type":"post","link":"https:\/\/www.toque-musicall.com\/?p=424","title":{"rendered":"Gilson de Souza &#8211; Poeta De Rua (1979)"},"content":{"rendered":"<div style=\"clear: both; text-align: center;\"><a href=\"http:\/\/4.bp.blogspot.com\/-dmjhpFHyGgQ\/Tf8fNuos2VI\/AAAAAAAAIHw\/UGgSaj_U7XA\/s1600\/gilson+de+souza+P.JPG\" style=\"margin-left: 1em; margin-right: 1em;\"><img loading=\"lazy\" decoding=\"async\" border=\"0\" height=\"400\" src=\"http:\/\/4.bp.blogspot.com\/-dmjhpFHyGgQ\/Tf8fNuos2VI\/AAAAAAAAIHw\/UGgSaj_U7XA\/s400\/gilson+de+souza+P.JPG\" width=\"398\" \/><\/a><\/div>\n<p>Bom dia, amigos cultos e ocultos! Neste m\u00eas o Toque Musical estar\u00e1 completando 4 anos de vida. Como j\u00e1 estamos na segunda quinzena \u00e9 bom eu ir ajeitando a casa, anunciando a data e preparando para a festa. Afinal, o que falta agora \u00e9 s\u00f3 convidar a todos. Voc\u00eas trazem os &#8216;comes e bebes&#8217; que o presente quem d\u00e1 sou eu, ao longo dos dias do pr\u00f3ximo ano. Estamos conversado? \ud83d\ude09<br \/>Para come\u00e7ar a semana, vamos de samba. Vamos com o Gilson de Souza, lembram dele? N\u00e3o? Poxa&#8230;que isso! Foi justamente com uma m\u00fasica, um samba chamado &#8220;Poxa&#8221; que Gilson decolou para o sucesso. Lan\u00e7ado em 1975, este samba valeu ao artista o trof\u00e9u Impresa como revela\u00e7\u00e3o do ano e melhor m\u00fasica. A m\u00fasica se tornou bem popular, chegando a alcan\u00e7ar umas dezenas de interpreta\u00e7\u00f5es e regrava\u00e7\u00f5es. Dizem que at\u00e9 o Elton John j\u00e1 cantou essa m\u00fasica em um de seus shows (eu queria ver). Mas o sambista compositor n\u00e3o ficou s\u00f3 num sucesso, tem tamb\u00e9m aquela, &#8220;Orgulho de um sambista&#8221;, que foi cantada por Jair Rodrigues e outros artistas, que tamb\u00e9m gravaram a m\u00fasica. Pelo que eu li, Gilson continua na ativa, compondo, gravando e fazendo shows espor\u00e1dicos. Trabalha como Conselheiro Fiscal da Sicam (Sociedade Independente de Compositores e Autores Musicais)<br \/>No \u00e1lbum &#8220;Poeta de rua &#8220;, seu segundo disco lan\u00e7ado pelo selo Arlequim, em 1979, temos doze sambas, todos de sua autoria ou parceria. Um disco interessante, como m\u00fasicas de um forte apelo popular. Embora eu n\u00e3o as conhe\u00e7a, imagino que algumas tenham tocado em r\u00e1dios, principalmente paulistas, onde o artista \u00e9 mais conhecido. Confiram o toque&#8230;<\/p>\n<div style=\"text-align: center;\">poeta de rua<\/div>\n<div style=\"text-align: center;\">povo amigo<\/div>\n<div style=\"text-align: center;\">onde voc\u00ea andou<\/div>\n<div style=\"text-align: center;\">for\u00e7a<\/div>\n<div style=\"text-align: center;\">pode parar<\/div>\n<div style=\"text-align: center;\">gisele<\/div>\n<div style=\"text-align: center;\">promessas desfeitas<\/div>\n<div style=\"text-align: center;\">euforia de um foli\u00e3o<\/div>\n<div style=\"text-align: center;\">samba de mestre<\/div>\n<div style=\"text-align: center;\">sonho dourado<\/div>\n<div style=\"text-align: center;\">gente falante<\/div>\n<div style=\"text-align: center;\">compara\u00e7\u00f5es<\/div>\n","protected":false},"excerpt":{"rendered":"<p>Bom dia, amigos cultos e ocultos! Neste m\u00eas o Toque Musical estar\u00e1 completando 4 anos de vida. Como j\u00e1 estamos na segunda quinzena \u00e9 bom eu ir ajeitando a casa, anunciando a data e preparando para a festa. Afinal, o &hellip; <a href=\"https:\/\/www.toque-musicall.com\/?p=424\">Continue lendo <span class=\"meta-nav\">&rarr;<\/span><\/a><\/p>\n","protected":false},"author":1,"featured_media":0,"comment_status":"open","ping_status":"closed","sticky":false,"template":"","format":"standard","meta":{"footnotes":""},"categories":[674,673],"tags":[],"class_list":["post-424","post","type-post","status-publish","format-standard","hentry","category-gilson-de-souza","category-selo-arlequim"],"_links":{"self":[{"href":"https:\/\/www.toque-musicall.com\/index.php?rest_route=\/wp\/v2\/posts\/424","targetHints":{"allow":["GET"]}}],"collection":[{"href":"https:\/\/www.toque-musicall.com\/index.php?rest_route=\/wp\/v2\/posts"}],"about":[{"href":"https:\/\/www.toque-musicall.com\/index.php?rest_route=\/wp\/v2\/types\/post"}],"author":[{"embeddable":true,"href":"https:\/\/www.toque-musicall.com\/index.php?rest_route=\/wp\/v2\/users\/1"}],"replies":[{"embeddable":true,"href":"https:\/\/www.toque-musicall.com\/index.php?rest_route=%2Fwp%2Fv2%2Fcomments&post=424"}],"version-history":[{"count":0,"href":"https:\/\/www.toque-musicall.com\/index.php?rest_route=\/wp\/v2\/posts\/424\/revisions"}],"wp:attachment":[{"href":"https:\/\/www.toque-musicall.com\/index.php?rest_route=%2Fwp%2Fv2%2Fmedia&parent=424"}],"wp:term":[{"taxonomy":"category","embeddable":true,"href":"https:\/\/www.toque-musicall.com\/index.php?rest_route=%2Fwp%2Fv2%2Fcategories&post=424"},{"taxonomy":"post_tag","embeddable":true,"href":"https:\/\/www.toque-musicall.com\/index.php?rest_route=%2Fwp%2Fv2%2Ftags&post=424"}],"curies":[{"name":"wp","href":"https:\/\/api.w.org\/{rel}","templated":true}]}}