{"id":425,"date":"2011-06-19T14:58:00","date_gmt":"2011-06-19T14:58:00","guid":{"rendered":"http:\/\/www.toque-musicall.com\/?p=425"},"modified":"2011-06-19T14:58:00","modified_gmt":"2011-06-19T14:58:00","slug":"caetano-veloso-ao-vivo-em-santo-amaro-1987-2011-repost","status":"publish","type":"post","link":"https:\/\/www.toque-musicall.com\/?p=425","title":{"rendered":"Caetano Veloso &#8211; Ao Vivo Em Santo Amaro 1987 (2011) REPOST"},"content":{"rendered":"<div style=\"clear: both; text-align: center;\"><a href=\"http:\/\/3.bp.blogspot.com\/-e-zsBvPDqv8\/Tf4DEWOqHeI\/AAAAAAAAIHo\/YHu671T-pIc\/s1600\/caetano+P.JPG\" style=\"margin-left: 1em; margin-right: 1em;\"><img loading=\"lazy\" decoding=\"async\" border=\"0\" height=\"397\" src=\"http:\/\/3.bp.blogspot.com\/-e-zsBvPDqv8\/Tf4DEWOqHeI\/AAAAAAAAIHo\/YHu671T-pIc\/s400\/caetano+P.JPG\" width=\"400\" \/><\/a><\/div>\n<p>Bom dia a todos! Acabei de acordar e nem caf\u00e9 eu ainda tomei. Vim direto para o computador preparar logo a minha postagem di\u00e1ria, antes que eu acabe caindo na enrola\u00e7\u00e3o, deixando tudo para o fim de noite. N\u00e3o gosto n\u00e3o. Fico esgotado e acabo comprometendo o ritmo e a qualidade das postagens.<br \/>Hoje eu tenho para voc\u00eas um &#8216;bootleg&#8217; interessante, Caetano Veloso ao viol\u00e3o, cantando em pra\u00e7a p\u00fablica em sua cidade natal, Santo Amaro da Purifica\u00e7\u00e3o, Bahia. A grava\u00e7\u00e3o, possivelmente extra\u00edda da mesa de som, foi feita em 1987. N\u00e3o sei de detalhes sobre ela, mas pela que podemos ouvir, encontramos um Caetano muito a vontade, s\u00f3 ele e o viol\u00e3o, despreocupado at\u00e9 com a interpreta\u00e7\u00e3o. Afinal ele n\u00e3o imaginaria que um dia esse registro ecoasse al\u00e9m das fronteiras do seu quintal. N\u00e3o se trata de algo especial ou excepcional, mas \u00e9 acima de tudo, Caetano Veloso. E eu gosto muito desse cara, podem crer!<br \/>Esta grava\u00e7\u00e3o me foi enviada pelo amigo Sergio Delfino h\u00e1 algumas semanas atr\u00e1s. Estou postando agora, depois de ter dado um &#8216;trato&#8217; no som e composto a tradicional capinha. Embora n\u00e3o seja um disco, como todos sabem, aqui no Toque Musical, coisas como essa, acabam virando edi\u00e7\u00f5es exclusivas. Muitos j\u00e1 consideram o TM como uma editora de &#8216;bootlegs&#8217;. Mas \u00e9 bom lembrar que aqui a coisa \u00e9 feita com o sentido \u00fanico de ser cultural. Por amor. Minhas &#8216;produ\u00e7\u00f5es&#8217; n\u00e3o s\u00e3o para vendas ou com\u00e9rcio de qualquer esp\u00e9cie. Minha inten\u00e7\u00e3o \u00e9 compartilhar cultura, discuss\u00f5es musicais e preserva\u00e7\u00e3o da produ\u00e7\u00e3o fonogr\u00e1fica brasileira (principalmente aquela que vem se perdendo com o tempo e pela falta de interesse das gravadoras). Gosto tamb\u00e9m dessas grava\u00e7\u00f5es ao vivo. \u00c9 quando a gente tem o artista &#8216;in natura&#8217;. Gosto disso&#8230;<\/p>\n<div style=\"text-align: center;\">menino deus<\/div>\n<div style=\"text-align: center;\">london, london<\/div>\n<div style=\"text-align: center;\">olhar 43<\/div>\n<div style=\"text-align: center;\">terra<\/div>\n<div style=\"text-align: center;\">fado &#8211; vaca profana<\/div>\n<div style=\"text-align: center;\">luz do sol<\/div>\n<div style=\"text-align: center;\">totalmente demais<\/div>\n<div style=\"text-align: center;\">sonhos<\/div>\n<div style=\"text-align: center;\">milagres do povo<\/div>\n<div style=\"text-align: center;\">caju\u00edna &#8211; um \u00edndio<\/div>\n<div style=\"text-align: center;\">nosso estranho amor<\/div>\n<div style=\"text-align: center;\"><\/div>\n<div style=\"text-align: center;\"><\/div>\n","protected":false},"excerpt":{"rendered":"<p>Bom dia a todos! Acabei de acordar e nem caf\u00e9 eu ainda tomei. Vim direto para o computador preparar logo a minha postagem di\u00e1ria, antes que eu acabe caindo na enrola\u00e7\u00e3o, deixando tudo para o fim de noite. N\u00e3o gosto &hellip; <a href=\"https:\/\/www.toque-musicall.com\/?p=425\">Continue lendo <span class=\"meta-nav\">&rarr;<\/span><\/a><\/p>\n","protected":false},"author":1,"featured_media":0,"comment_status":"open","ping_status":"closed","sticky":false,"template":"","format":"standard","meta":{"footnotes":""},"categories":[180,136,11],"tags":[],"class_list":["post-425","post","type-post","status-publish","format-standard","hentry","category-bootleg","category-caetano-veloso","category-exclusivos-do-toque-musical"],"_links":{"self":[{"href":"https:\/\/www.toque-musicall.com\/index.php?rest_route=\/wp\/v2\/posts\/425","targetHints":{"allow":["GET"]}}],"collection":[{"href":"https:\/\/www.toque-musicall.com\/index.php?rest_route=\/wp\/v2\/posts"}],"about":[{"href":"https:\/\/www.toque-musicall.com\/index.php?rest_route=\/wp\/v2\/types\/post"}],"author":[{"embeddable":true,"href":"https:\/\/www.toque-musicall.com\/index.php?rest_route=\/wp\/v2\/users\/1"}],"replies":[{"embeddable":true,"href":"https:\/\/www.toque-musicall.com\/index.php?rest_route=%2Fwp%2Fv2%2Fcomments&post=425"}],"version-history":[{"count":0,"href":"https:\/\/www.toque-musicall.com\/index.php?rest_route=\/wp\/v2\/posts\/425\/revisions"}],"wp:attachment":[{"href":"https:\/\/www.toque-musicall.com\/index.php?rest_route=%2Fwp%2Fv2%2Fmedia&parent=425"}],"wp:term":[{"taxonomy":"category","embeddable":true,"href":"https:\/\/www.toque-musicall.com\/index.php?rest_route=%2Fwp%2Fv2%2Fcategories&post=425"},{"taxonomy":"post_tag","embeddable":true,"href":"https:\/\/www.toque-musicall.com\/index.php?rest_route=%2Fwp%2Fv2%2Ftags&post=425"}],"curies":[{"name":"wp","href":"https:\/\/api.w.org\/{rel}","templated":true}]}}