{"id":4259,"date":"2014-06-02T21:09:59","date_gmt":"2014-06-03T00:09:59","guid":{"rendered":"http:\/\/www.toque-musicall.com\/?p=4259"},"modified":"2014-06-02T21:09:59","modified_gmt":"2014-06-03T00:09:59","slug":"sylvinha-mello-selecao-78-rpm-do-toque-musical-vol-103-2014","status":"publish","type":"post","link":"https:\/\/www.toque-musicall.com\/?p=4259","title":{"rendered":"Sylvinha Mello &#8211; Sele\u00e7\u00e3o 78 RPM Do Toque Musical Vol. 103 (2014)"},"content":{"rendered":"<p><img loading=\"lazy\" decoding=\"async\" class=\"aligncenter\" alt=\"\" src=\"http:\/\/1.bp.blogspot.com\/-1OXymTk8rAs\/U40DTwAdu6I\/AAAAAAAAJJQ\/aMyGWIZowZY\/s1600\/CAPAp.JPG\" width=\"1000\" height=\"1000\" \/><img loading=\"lazy\" decoding=\"async\" class=\"aligncenter\" alt=\"\" src=\"http:\/\/4.bp.blogspot.com\/-zbqivu8OMA4\/U40DagaNJDI\/AAAAAAAAJJY\/l0cE5LhC9Ok\/s1600\/CONTRACAPAp.JPG\" width=\"1000\" height=\"1000\" \/><\/p>\n<div>Nesta semana, em sua cent\u00e9sima-terceira edi\u00e7\u00e3 o, o Grand Record Brazil resgata uma cantora hoje esquecida, mas que deixou um legado important\u00edssimo, tanto art\u00edstica quanto historicamente, para nossa m\u00fasica popular. Estamos falando de Sylvinha Mello. Nossa biografada, evidentemente batizada como Sylvia Mello, nasceu\u00a0 em Vit\u00f3ria, capital do Esp\u00edrito Santo, no dia 23 de fevereiro de 1914, filha de pernambucanos. Aos nove anos de\u00a0 idade, chegou ao Rio de Janeiro. Iniciou sua carreira art\u00edstica interpretando pe\u00e7as folcl\u00f3ricas em teatros e cassinos do Rio de Janeiro, S\u00e3o Paulo e outras capitais brasileiras. Ao atingir a maioridade (dezoito anos), Sylvinha apresentou-se no programa radiof\u00f4nico de C\u00e9sar Ladeira, o que lhe permitiu atuar ao lado de tr\u00eas grandes cartazes da \u00e9poca: Francisco Alves, C\u00e1rmen Miranda e S\u00edlvio Caldas. Gravou seu primeiro disco em 1931, na Victor, com duas can\u00e7\u00f5es de Hekel Tavares: \u201cChove, chuva\u201d (parceria com o poeta Ascenso Ferreira) e \u201cO pequeno vendedor de amendoim\u201d (com versos do teatr\u00f3logo Joracy Camargo), esta \u00faltima inclu\u00edda nesta edi\u00e7\u00e3o do GRB. Como atriz, participou de tr\u00eas filmes: \u201cEstudantes\u201d , \u201cO grito da mocidade\u201d e \u201cEstrela da eterna esperan\u00e7a\u201d.\u00a0 Sua discografia compreende dez discos com dezenove m\u00fasicas, oito deles pela Victor, e os outros dois pela Columbia, interpretando composi\u00e7\u00f5es de Hekel Tavares, Joubert de Carvalho e Cust\u00f3dio Mesquita, entre outros, com estilo marcadamente rom\u00e2ntico, predominando as can\u00e7\u00f5es e as valsas. Mais tarde, Sylvinha mudou-se para Nova York, onde viveu dois anos como estudante, conseguindo, pouco depois, emprego no consulado brasileiro.\u00a0 Foi uma das primeiras brasileiras a fazer sucesso nos EUA, obtendo grande aceita\u00e7\u00e3o com suas interpreta\u00e7\u00f5es de m\u00fasicas de Ary Barroso, em emissoras de r\u00e1dio e boates daquele pa\u00eds, inclusive a Blue Angel, de Nova York. Ap\u00f3s se separar de um primeiro casamento, Sylvinha contraiu novas n\u00fapcias, agora com um diplomata franc\u00eas, passando, ent\u00e3o, a residir em Paris. Sylvinha morreu ali mesmo na capital francesa, por volta de 1978. Para esta edi\u00e7\u00e3o do GRB, foram escolhidos nove exemplos da arte de Sylvinha Mello. Abrindo esta sele\u00e7\u00e3o, o lado A de seu derradeiro disco, o Columbia 55001, lan\u00e7ado em dezembro de 1938: a can\u00e7\u00e3o \u201cSoldadinhos de chumbo\u201d, de Marcelo Tupinamb\u00e1 e Galda de Paiva, matriz 3721, m\u00fasica originalmente gravada em 1930, por Edgard Arantes. As oito faixas seguintes foram todas gravadas\u00a0 na Victor. Do disco 33956, foi escalado o lado B, o samba-can\u00e7\u00e3o \u201cPerto do c\u00e9u\u201d, de autoria do pianista Romualdo Peixoto, o Non\u00f4 (tio dos cantores Cyro Monteiro e Cauby Peixoto) com versos de Francisco Matoso, grava\u00e7\u00e3o de3 de abril de 1935, lan\u00e7ada em agosto do mesmo ano, matriz 79859. Na faixa 3, temos a valsa \u201cOs teus olhos me falam de amor\u201d, de Joubert de Carvalho, gravada em 30 de agosto de 1935 e lan\u00e7ada em outubro seguinte sob n\u00famero 33984-A, matriz 80023. Na faixa 6 est\u00e1 o lado B, matriz 80022, a can\u00e7\u00e3o \u201cMariblanca\u201d, tamb\u00e9m de Joubert em parceria com Luiz de Gongora. \u00a0Na faixa 4, do primeiro disco de Sylvinha, o Victor 33489, foi escalada a can\u00e7\u00e3o \u201cO pequeno vendedor de amendoim\u201d, de Hekel Tavares e Joracy Camargo,o lado B, gravado em 14 de outubro de 1931 e lan\u00e7ado ao apagar das luzes desse ano, em dezembro, matriz 65254. A seguir, outras quatro\u00a0 composi\u00e7\u00f5es de Joubert de Carvalho, autor com quem Sylvinha obteve seus maiores hits.\u00a0 Na faixa 5, a valsa \u201cA car\u00edcia de suas m\u00e3os\u201d, disco Victor 33972-A, grava\u00e7\u00e3o de 15 de julho de 1935, lan\u00e7ada em setembro desse ano, matriz 79981. Na faixa 8 est\u00e1 o lado B, a can\u00e7\u00e3o \u201cTeu retrato\u201d, matriz 79990, gravada tr\u00eas dias depois da \u201cCar\u00edcia\u201d, ou seja em 18 de julho de 1935. Na faixa 7, a valsa \u201cViver para o amor\u201d, grava\u00e7\u00e3o de 15 de julho de 1935 que a marca do cachorrinho Nipper lan\u00e7ar\u00e1 em agosto seguinte com o n\u00famero 34079-A,matriz 79982 (curiosamente, no lado B, apareceu a valsa \u201cItaliana\u201d, cl\u00e1ssico na voz de Carlos Galhardo!).\u00a0 Por fim, o fox \u201cCan\u00e7\u00e3o das \u00e1guas\u201d, outra p\u00e1gina do autor de \u201cTa\u00ed\u201d e \u201cMaring\u00e1\u201d, que Sylvinha gravou na Victor em 26 de maio de 1936 e foi lan\u00e7ada em julho seguinte com o n\u00famero 34070-B, matriz 80166. Enfim, uma expressiva amostra, \u201ccurta e grossa\u201d, do expressivo legado deixado por Sylvinha Mello para a nossa m\u00fasica popular. Ou\u00e7amos e recordemo<a href=\"http:\/\/depositfiles.org\/files\/f1bprvevj\" target=\"_blank\">s<\/a>&#8230;<\/div>\n<div><\/div>\n<div>Texto de Samuel Machado Filho<\/div>\n","protected":false},"excerpt":{"rendered":"<p>Nesta semana, em sua cent\u00e9sima-terceira edi\u00e7\u00e3 o, o Grand Record Brazil resgata uma cantora hoje esquecida, mas que deixou um legado important\u00edssimo, tanto art\u00edstica quanto historicamente, para nossa m\u00fasica popular. Estamos falando de Sylvinha Mello. Nossa biografada, evidentemente batizada como &hellip; <a href=\"https:\/\/www.toque-musicall.com\/?p=4259\">Continue lendo <span class=\"meta-nav\">&rarr;<\/span><\/a><\/p>\n","protected":false},"author":1,"featured_media":0,"comment_status":"open","ping_status":"closed","sticky":false,"template":"","format":"standard","meta":{"footnotes":""},"categories":[11,13,2389],"tags":[],"class_list":["post-4259","post","type-post","status-publish","format-standard","hentry","category-exclusivos-do-toque-musical","category-selo-grand-record-brazil","category-sylvinha-mello"],"_links":{"self":[{"href":"https:\/\/www.toque-musicall.com\/index.php?rest_route=\/wp\/v2\/posts\/4259","targetHints":{"allow":["GET"]}}],"collection":[{"href":"https:\/\/www.toque-musicall.com\/index.php?rest_route=\/wp\/v2\/posts"}],"about":[{"href":"https:\/\/www.toque-musicall.com\/index.php?rest_route=\/wp\/v2\/types\/post"}],"author":[{"embeddable":true,"href":"https:\/\/www.toque-musicall.com\/index.php?rest_route=\/wp\/v2\/users\/1"}],"replies":[{"embeddable":true,"href":"https:\/\/www.toque-musicall.com\/index.php?rest_route=%2Fwp%2Fv2%2Fcomments&post=4259"}],"version-history":[{"count":1,"href":"https:\/\/www.toque-musicall.com\/index.php?rest_route=\/wp\/v2\/posts\/4259\/revisions"}],"predecessor-version":[{"id":4260,"href":"https:\/\/www.toque-musicall.com\/index.php?rest_route=\/wp\/v2\/posts\/4259\/revisions\/4260"}],"wp:attachment":[{"href":"https:\/\/www.toque-musicall.com\/index.php?rest_route=%2Fwp%2Fv2%2Fmedia&parent=4259"}],"wp:term":[{"taxonomy":"category","embeddable":true,"href":"https:\/\/www.toque-musicall.com\/index.php?rest_route=%2Fwp%2Fv2%2Fcategories&post=4259"},{"taxonomy":"post_tag","embeddable":true,"href":"https:\/\/www.toque-musicall.com\/index.php?rest_route=%2Fwp%2Fv2%2Ftags&post=4259"}],"curies":[{"name":"wp","href":"https:\/\/api.w.org\/{rel}","templated":true}]}}