{"id":426,"date":"2011-06-19T04:14:00","date_gmt":"2011-06-19T04:14:00","guid":{"rendered":"http:\/\/www.toque-musicall.com\/?p=426"},"modified":"2011-06-19T04:14:00","modified_gmt":"2011-06-19T04:14:00","slug":"eu-ovo-uma-coletanea-2011","status":"publish","type":"post","link":"https:\/\/www.toque-musicall.com\/?p=426","title":{"rendered":"Eu Ovo Uma Colet\u00e2nea (2011)"},"content":{"rendered":"<div style=\"clear: both; text-align: center;\"><a href=\"http:\/\/3.bp.blogspot.com\/-xCHotbOH6HY\/Tfz2_QPbHKI\/AAAAAAAAIHg\/lUIa20Je2ik\/s1600\/P.JPG\" style=\"margin-left: 1em; margin-right: 1em;\"><img loading=\"lazy\" decoding=\"async\" border=\"0\" height=\"400\" src=\"http:\/\/3.bp.blogspot.com\/-xCHotbOH6HY\/Tfz2_QPbHKI\/AAAAAAAAIHg\/lUIa20Je2ik\/s400\/P.JPG\" width=\"388\" \/><\/a><\/div>\n<p><\/p>\n<div style=\"margin-bottom: 0px; margin-left: 0px; margin-right: 0px; margin-top: 0px;\">Boa noite, amigos cultos e ocultos! Custei, mas cheguei. O dia hoje foi cheio e s\u00f3 agora \u00a0estou tendo tempo para a nossa postagem. Dia de s\u00e1bado \u00e9 assim, muitas festas pela cidade. Festas juninas, principalmente. Estou voltando de uma agora.\u00a0Felizmente ainda temos tempo para marcar o ponto do dia. Vamos a ele&#8230;<\/div>\n<div style=\"margin-bottom: 0px; margin-left: 0px; margin-right: 0px; margin-top: 0px;\">No nosso encontro de s\u00e1bado, que vem se tornando um dia para colet\u00e2neas, temos hoje como convidado o blog Eu Ovo, que gentilmente montou para n\u00f3s uma seleta m\u00fasical com o que h\u00e1 de mais expressivo no momento, no cen\u00e1rio da m\u00fasica produzida hoje no Brasil. Elcomenta:\u00a0<span style=\"border-collapse: collapse; font-family: arial, sans-serif; font-size: 13px;\"><i>a lista que consegui reunir traz a nata da m\u00fasica popular brasileira, desde artistas consagrados como Nan\u00e1 Vasconcelos, N\u00e1 Ozzetti, M\u00f4nica Salmaso, Maciel Sal\u00fa ou alguns artistas estreantes como Ma\u00edra Freitas, Felipe Cordeiro ou ainda bandas da nova cena musical como Caldo de Piaba, Nuda, Comunidade Azougue, Academia da Berlinda, Eta Carinae e ainda couberam dois lan\u00e7amentos internacionais \u2013 pela import\u00e2ncia dos artistas \u2013 como Shawn Lee e The Echocentrics, que tinham participa\u00e7\u00f5es de brasileiros ilustres como Curumin e Tita Lima, respectivamente.<\/i><\/span><\/div>\n<div style=\"margin-bottom: 0px; margin-left: 0px; margin-right: 0px; margin-top: 0px;\">Pois \u00e9, uma sele\u00e7\u00e3o e tanto, trazendo nomes que s\u00f3 mesmo numa colet\u00e2nea como esta seria poss\u00edvel ser publicado aqui no nosso Toque Musical. Ficou mesmo muito bacana a lista, que ainda, segundo o dono do ovo foi pensada n\u00e3o como uma simples colet\u00e2nea, mas como uma programa\u00e7\u00e3o musical de r\u00e1dio, ou ainda uma discotecagem com trinta &#8216;tapes&#8217; que fazem uma festa.<\/div>\n<div style=\"margin-bottom: 0px; margin-left: 0px; margin-right: 0px; margin-top: 0px;\">V\u00e3o nessa que o som aqui vale para todos os dias da semana. Um \u00e1lbum duplo e dois compactos duplos, ainda querem mais? \ud83d\ude09\u00a0Preguicinha\u00a0de escrever&#8230; copio e colo:<\/div>\n<div style=\"margin-bottom: 0px; margin-left: 0px; margin-right: 0px; margin-top: 0px;\"><span style=\"font-family: arial, sans-serif; font-size: small;\"><span style=\"border-collapse: collapse; font-size: 13px;\"><span style=\"font-family: 'Times New Roman';\"><span style=\"border-collapse: separate; font-size: small;\"><br \/><\/span><\/span><\/span><\/span><\/div>\n<div style=\"border-collapse: collapse; margin-bottom: 0px; margin-left: 0px; margin-right: 0px; margin-top: 0px; text-align: center;\"><span style=\"font-family: Times, 'Times New Roman', serif;\">Academia da Berlinda &#8211; Fui humilhado<\/span><\/div>\n<div style=\"border-collapse: collapse; margin-bottom: 0px; margin-left: 0px; margin-right: 0px; margin-top: 0px; text-align: center;\"><span style=\"font-family: Times, 'Times New Roman', serif;\">Caldo de Piaba &#8211; Lambada nova<\/span><\/div>\n<div style=\"border-collapse: collapse; margin-bottom: 0px; margin-left: 0px; margin-right: 0px; margin-top: 0px; text-align: center;\"><span style=\"font-family: Times, 'Times New Roman', serif;\">Felipe Cordeiro &#8211; Legal e ilegal<\/span><\/div>\n<div style=\"border-collapse: collapse; margin-bottom: 0px; margin-left: 0px; margin-right: 0px; margin-top: 0px; text-align: center;\"><span style=\"font-family: Times, 'Times New Roman', serif;\">Maciel Sal\u00fa &#8211; Rabeca no merengue<\/span><\/div>\n<div style=\"border-collapse: collapse; margin-bottom: 0px; margin-left: 0px; margin-right: 0px; margin-top: 0px; text-align: center;\"><span style=\"font-family: Times, 'Times New Roman', serif;\">Comunidade Azougue &#8211; Samba de gra\u00e7a<\/span><\/div>\n<div style=\"border-collapse: collapse; margin-bottom: 0px; margin-left: 0px; margin-right: 0px; margin-top: 0px; text-align: center;\"><span style=\"font-family: Times, 'Times New Roman', serif;\">Nuda &#8211; Amar\u00e9nenhuma<\/span><\/div>\n<div style=\"border-collapse: collapse; margin-bottom: 0px; margin-left: 0px; margin-right: 0px; margin-top: 0px; text-align: center;\"><span style=\"font-family: Times, 'Times New Roman', serif;\">Nan\u00e1 Vasconcelos &#8211; Pra elas<\/span><\/div>\n<div style=\"border-collapse: collapse; margin-bottom: 0px; margin-left: 0px; margin-right: 0px; margin-top: 0px; text-align: center;\"><span style=\"font-family: Times, 'Times New Roman', serif;\">Jo\u00e3o Brasil + Lovefoxxx &#8211; L.O.V.E. Banana<\/span><\/div>\n<div style=\"border-collapse: collapse; margin-bottom: 0px; margin-left: 0px; margin-right: 0px; margin-top: 0px; text-align: center;\"><span style=\"font-family: Times, 'Times New Roman', serif;\">Burro Morto &#8211; Tocandira<\/span><\/div>\n<div style=\"border-collapse: collapse; margin-bottom: 0px; margin-left: 0px; margin-right: 0px; margin-top: 0px; text-align: center;\"><span style=\"font-family: Times, 'Times New Roman', serif;\">Eta Carinae &#8211; Afrorregaton a brasileira<\/span><\/div>\n<div style=\"border-collapse: collapse; margin-bottom: 0px; margin-left: 0px; margin-right: 0px; margin-top: 0px; text-align: center;\"><span style=\"font-family: Times, 'Times New Roman', serif;\">Tonho Crocco &#8211; Abre alas (o carro destemido)<\/span><\/div>\n<div style=\"border-collapse: collapse; margin-bottom: 0px; margin-left: 0px; margin-right: 0px; margin-top: 0px; text-align: center;\"><span style=\"font-family: Times, 'Times New Roman', serif;\">Kiko Dinucci + Ju\u00e7ara Mar\u00e7al + Thiago Fran\u00e7a &#8211; Oba In\u00e1<\/span><\/div>\n<div style=\"border-collapse: collapse; margin-bottom: 0px; margin-left: 0px; margin-right: 0px; margin-top: 0px; text-align: center;\"><span style=\"font-family: Times, 'Times New Roman', serif;\">Lu\u00edsa Maita &#8211; Lero-lero (DJ Tudo remix)<\/span><\/div>\n<div style=\"border-collapse: collapse; margin-bottom: 0px; margin-left: 0px; margin-right: 0px; margin-top: 0px; text-align: center;\"><span style=\"font-family: Times, 'Times New Roman', serif;\">Anelis Assump\u00e7\u00e3o + Itamar &#8211; Mulher segundo meu pai<\/span><\/div>\n<div style=\"border-collapse: collapse; margin-bottom: 0px; margin-left: 0px; margin-right: 0px; margin-top: 0px; text-align: center;\"><span style=\"font-family: Times, 'Times New Roman', serif;\">Gui Amabis + C\u00e9U &#8211; Swell<\/span><\/div>\n<div style=\"border-collapse: collapse; margin-bottom: 0px; margin-left: 0px; margin-right: 0px; margin-top: 0px; text-align: center;\"><span style=\"font-family: Times, 'Times New Roman', serif;\">Sobrado 112 &#8211; Sim\u00e9rius Conan<\/span><\/div>\n<div style=\"border-collapse: collapse; margin-bottom: 0px; margin-left: 0px; margin-right: 0px; margin-top: 0px; text-align: center;\"><span style=\"font-family: Times, 'Times New Roman', serif;\">Bonifrate &#8211; Esse trem n\u00e3o improvisa<\/span><\/div>\n<div style=\"border-collapse: collapse; margin-bottom: 0px; margin-left: 0px; margin-right: 0px; margin-top: 0px; text-align: center;\"><span style=\"font-family: Times, 'Times New Roman', serif;\">Arnaldo Baptista &#8211; I don\u2019t care<\/span><\/div>\n<div style=\"border-collapse: collapse; margin-bottom: 0px; margin-left: 0px; margin-right: 0px; margin-top: 0px; text-align: center;\"><span style=\"font-family: Times, 'Times New Roman', serif;\">Violins &#8211; \u00c9 como est\u00e1<\/span><\/div>\n<div style=\"border-collapse: collapse; margin-bottom: 0px; margin-left: 0px; margin-right: 0px; margin-top: 0px; text-align: center;\"><span style=\"font-family: Times, 'Times New Roman', serif;\">Criolo &#8211; N\u00e3o existe amor em SP<\/span><\/div>\n<div style=\"border-collapse: collapse; margin-bottom: 0px; margin-left: 0px; margin-right: 0px; margin-top: 0px; text-align: center;\"><span style=\"font-family: Times, 'Times New Roman', serif;\">Emicida + Mart\u2019n\u00e1lia &#8211; Quero ver quarta-feira<\/span><\/div>\n<div style=\"border-collapse: collapse; margin-bottom: 0px; margin-left: 0px; margin-right: 0px; margin-top: 0px; text-align: center;\"><span style=\"font-family: Times, 'Times New Roman', serif;\">The Echocentrics + Tita Lima &#8211; Mundo pequeno<\/span><\/div>\n<div style=\"border-collapse: collapse; margin-bottom: 0px; margin-left: 0px; margin-right: 0px; margin-top: 0px; text-align: center;\"><span style=\"font-family: Times, 'Times New Roman', serif;\">Shawn Lee + Curumin &#8211; N\u00e3o vacila<\/span><\/div>\n<div style=\"border-collapse: collapse; margin-bottom: 0px; margin-left: 0px; margin-right: 0px; margin-top: 0px; text-align: center;\"><span lang=\"EN-US\"><span style=\"font-family: Times, 'Times New Roman', serif;\">BiD + Jesse Royal + Karina Buhr &#8211; All faya<\/span><\/span><\/div>\n<div style=\"border-collapse: collapse; margin-bottom: 0px; margin-left: 0px; margin-right: 0px; margin-top: 0px; text-align: center;\"><span style=\"font-family: Times, 'Times New Roman', serif;\">Silv\u00e9rio Pessoa &#8211; Faut de tout<\/span><\/div>\n<div style=\"border-collapse: collapse; margin-bottom: 0px; margin-left: 0px; margin-right: 0px; margin-top: 0px; text-align: center;\"><span style=\"font-family: Times, 'Times New Roman', serif;\">Ma\u00edra Freitas &#8211; Maracatu na\u00e7\u00e3o do amor (april child)<\/span><\/div>\n<div style=\"border-collapse: collapse; margin-bottom: 0px; margin-left: 0px; margin-right: 0px; margin-top: 0px; text-align: center;\"><span style=\"font-family: Times, 'Times New Roman', serif;\">Romulo Fr\u00f3es &#8211; Onde foi que nunca vem<\/span><\/div>\n<div style=\"border-collapse: collapse; margin-bottom: 0px; margin-left: 0px; margin-right: 0px; margin-top: 0px; text-align: center;\"><span style=\"font-family: Times, 'Times New Roman', serif;\">N\u00e1 Ozzetti &#8211; Meu quintal<\/span><\/div>\n<div style=\"border-collapse: collapse; margin-bottom: 0px; margin-left: 0px; margin-right: 0px; margin-top: 0px; text-align: center;\"><span style=\"font-family: Times, 'Times New Roman', serif;\">Carlos Careqa + Ana Fridman &#8211; Estou cheio de arte<\/span><\/div>\n<div style=\"border-collapse: collapse; margin-bottom: 0px; margin-left: 0px; margin-right: 0px; margin-top: 0px; text-align: center;\"><span style=\"font-family: Times, 'Times New Roman', serif;\">M\u00f4nica Salmaso &#8211; Samba erudito<\/span><\/div>\n<div style=\"border-collapse: collapse; margin-bottom: 0px; margin-left: 0px; margin-right: 0px; margin-top: 0px; text-align: center;\"><span style=\"font-family: Times, 'Times New Roman', serif;\"><br \/><\/span><\/div>\n<div style=\"border-collapse: collapse; margin-bottom: 0px; margin-left: 0px; margin-right: 0px; margin-top: 0px; text-align: center;\"><span style=\"font-family: Times, 'Times New Roman', serif;\"><br \/><\/span><\/div>\n","protected":false},"excerpt":{"rendered":"<p>Boa noite, amigos cultos e ocultos! Custei, mas cheguei. O dia hoje foi cheio e s\u00f3 agora \u00a0estou tendo tempo para a nossa postagem. Dia de s\u00e1bado \u00e9 assim, muitas festas pela cidade. Festas juninas, principalmente. Estou voltando de uma &hellip; <a href=\"https:\/\/www.toque-musicall.com\/?p=426\">Continue lendo <span class=\"meta-nav\">&rarr;<\/span><\/a><\/p>\n","protected":false},"author":1,"featured_media":0,"comment_status":"open","ping_status":"closed","sticky":false,"template":"","format":"standard","meta":{"footnotes":""},"categories":[675],"tags":[],"class_list":["post-426","post","type-post","status-publish","format-standard","hentry","category-coletanea-eu-ovo"],"_links":{"self":[{"href":"https:\/\/www.toque-musicall.com\/index.php?rest_route=\/wp\/v2\/posts\/426","targetHints":{"allow":["GET"]}}],"collection":[{"href":"https:\/\/www.toque-musicall.com\/index.php?rest_route=\/wp\/v2\/posts"}],"about":[{"href":"https:\/\/www.toque-musicall.com\/index.php?rest_route=\/wp\/v2\/types\/post"}],"author":[{"embeddable":true,"href":"https:\/\/www.toque-musicall.com\/index.php?rest_route=\/wp\/v2\/users\/1"}],"replies":[{"embeddable":true,"href":"https:\/\/www.toque-musicall.com\/index.php?rest_route=%2Fwp%2Fv2%2Fcomments&post=426"}],"version-history":[{"count":0,"href":"https:\/\/www.toque-musicall.com\/index.php?rest_route=\/wp\/v2\/posts\/426\/revisions"}],"wp:attachment":[{"href":"https:\/\/www.toque-musicall.com\/index.php?rest_route=%2Fwp%2Fv2%2Fmedia&parent=426"}],"wp:term":[{"taxonomy":"category","embeddable":true,"href":"https:\/\/www.toque-musicall.com\/index.php?rest_route=%2Fwp%2Fv2%2Fcategories&post=426"},{"taxonomy":"post_tag","embeddable":true,"href":"https:\/\/www.toque-musicall.com\/index.php?rest_route=%2Fwp%2Fv2%2Ftags&post=426"}],"curies":[{"name":"wp","href":"https:\/\/api.w.org\/{rel}","templated":true}]}}