{"id":4263,"date":"2014-06-05T20:53:36","date_gmt":"2014-06-05T23:53:36","guid":{"rendered":"http:\/\/www.toque-musicall.com\/?p=4263"},"modified":"2014-06-05T20:55:25","modified_gmt":"2014-06-05T23:55:25","slug":"carlinhos-vergueiro-so-o-tempo-dira-1975","status":"publish","type":"post","link":"https:\/\/www.toque-musicall.com\/?p=4263","title":{"rendered":"Carlinhos Vergueiro &#8211; S\u00f3 O Tempo Dir\u00e1 (1975)"},"content":{"rendered":"<p><img loading=\"lazy\" decoding=\"async\" class=\"aligncenter\" alt=\"\" src=\"http:\/\/3.bp.blogspot.com\/-UpDTTrlflcI\/U5D08Rv2hFI\/AAAAAAAAJKI\/Pp_9D2GkoAs\/s1600\/capa+p.JPG\" width=\"1600\" height=\"1600\" \/><img loading=\"lazy\" decoding=\"async\" class=\"aligncenter\" alt=\"\" src=\"http:\/\/2.bp.blogspot.com\/-Api8GHw-P4c\/U5D1fD8PxsI\/AAAAAAAAJKQ\/oIIKB8kOX0U\/s1600\/contra+p.JPG\" width=\"1000\" height=\"991\" \/><\/p>\n<p>Boa noite, meus car\u00edssimos amigos cultos e ocultos! Aqui estamos com mais uma boa postagem. Mais um bom toque musical. Hoje apresentado o segundo disco do cantor e compositor Carlinhos Vergueiro. O primeiro, &#8220;Brecha&#8221;, de 1974, eu j\u00e1 publiquei aqui h\u00e1 mais tempo. &#8220;S\u00f3 o tempo dir\u00e1&#8221; foi o disco onde o artista ganhou proje\u00e7\u00e3o, principalmente por conta da primeira faixa do lado B, &#8220;Como um ladr\u00e3o&#8221;, m\u00fasica vencedora do Festival Abertura, da Rede Globo, de 75. Esta m\u00fasica \u00e9 mesmo muito bonita e com o arranjo do Nelson Ayres ficou sensacional. O \u00e1lbum, num geral e como conv\u00e9m \u00e0 produ\u00e7\u00e3o fonogr\u00e1fica dos anos 70, muito boa. Hoje, talvez, mais ainda se compararmos \u00e0 mediocridade reinante. O trabalho \u00e9 praticamente todo autoral tendo apenas o choro, &#8220;Paraquedista&#8221;, que \u00e9 de Jos\u00e9 Leoc\u00e1dio, trombonista da Orquestra Tabajara. Carlinhos Vergueiro conta ainda com a participa\u00e7\u00e3o da Velha Guarda da Portela na faixa que d\u00e1 nome ao disco, &#8220;S\u00f3 o tempo dir\u00e1&#8221;. A prop\u00f3sito, ser\u00e1 que este lp chegou a ser relan\u00e7ado? Sinceramente, eu nunca vi em lojas e nem nas bocas. Talvez por isso \u00e9 que eu o estou postando. Confira a\u00ed, antes que a Fifa domin<a href=\"http:\/\/depositfiles.org\/files\/r4keo1oed\" target=\"_blank\">e<\/a>..<\/p>\n<div style=\"text-align: center;\">de onde vem<\/div>\n<div style=\"text-align: center;\">pelas ondas do bar<\/div>\n<div style=\"text-align: center;\">paraquedista<\/div>\n<div style=\"text-align: center;\">precip\u00edcio<\/div>\n<div style=\"text-align: center;\">eco<\/div>\n<div style=\"text-align: center;\">s\u00f3 o tempo dir\u00e1<\/div>\n<div style=\"text-align: center;\">como um ladr\u00e3o<\/div>\n<div style=\"text-align: center;\">como d\u00f3i<\/div>\n<div style=\"text-align: center;\">se cuide<\/div>\n<div style=\"text-align: center;\">os olhos das meninas<\/div>\n<div style=\"text-align: center;\">aragem de f\u00e9<\/div>\n<div style=\"text-align: center;\">foi fatal<\/div>\n<div><\/div>\n<div>.<\/div>\n","protected":false},"excerpt":{"rendered":"<p>Boa noite, meus car\u00edssimos amigos cultos e ocultos! Aqui estamos com mais uma boa postagem. Mais um bom toque musical. Hoje apresentado o segundo disco do cantor e compositor Carlinhos Vergueiro. O primeiro, &#8220;Brecha&#8221;, de 1974, eu j\u00e1 publiquei aqui &hellip; <a href=\"https:\/\/www.toque-musicall.com\/?p=4263\">Continue lendo <span class=\"meta-nav\">&rarr;<\/span><\/a><\/p>\n","protected":false},"author":1,"featured_media":0,"comment_status":"open","ping_status":"closed","sticky":false,"template":"","format":"standard","meta":{"footnotes":""},"categories":[527,40],"tags":[],"class_list":["post-4263","post","type-post","status-publish","format-standard","hentry","category-carlinhos-vergueiro","category-selo-continental"],"_links":{"self":[{"href":"https:\/\/www.toque-musicall.com\/index.php?rest_route=\/wp\/v2\/posts\/4263","targetHints":{"allow":["GET"]}}],"collection":[{"href":"https:\/\/www.toque-musicall.com\/index.php?rest_route=\/wp\/v2\/posts"}],"about":[{"href":"https:\/\/www.toque-musicall.com\/index.php?rest_route=\/wp\/v2\/types\/post"}],"author":[{"embeddable":true,"href":"https:\/\/www.toque-musicall.com\/index.php?rest_route=\/wp\/v2\/users\/1"}],"replies":[{"embeddable":true,"href":"https:\/\/www.toque-musicall.com\/index.php?rest_route=%2Fwp%2Fv2%2Fcomments&post=4263"}],"version-history":[{"count":1,"href":"https:\/\/www.toque-musicall.com\/index.php?rest_route=\/wp\/v2\/posts\/4263\/revisions"}],"predecessor-version":[{"id":4264,"href":"https:\/\/www.toque-musicall.com\/index.php?rest_route=\/wp\/v2\/posts\/4263\/revisions\/4264"}],"wp:attachment":[{"href":"https:\/\/www.toque-musicall.com\/index.php?rest_route=%2Fwp%2Fv2%2Fmedia&parent=4263"}],"wp:term":[{"taxonomy":"category","embeddable":true,"href":"https:\/\/www.toque-musicall.com\/index.php?rest_route=%2Fwp%2Fv2%2Fcategories&post=4263"},{"taxonomy":"post_tag","embeddable":true,"href":"https:\/\/www.toque-musicall.com\/index.php?rest_route=%2Fwp%2Fv2%2Ftags&post=4263"}],"curies":[{"name":"wp","href":"https:\/\/api.w.org\/{rel}","templated":true}]}}