{"id":4267,"date":"2014-06-07T20:26:55","date_gmt":"2014-06-07T23:26:55","guid":{"rendered":"http:\/\/www.toque-musicall.com\/?p=4267"},"modified":"2014-06-07T20:26:55","modified_gmt":"2014-06-07T23:26:55","slug":"claudia-telles-claudia-1977","status":"publish","type":"post","link":"https:\/\/www.toque-musicall.com\/?p=4267","title":{"rendered":"Claudia Telles &#8211; Claudia (1977)"},"content":{"rendered":"<p><img loading=\"lazy\" decoding=\"async\" class=\"aligncenter\" alt=\"\" src=\"http:\/\/4.bp.blogspot.com\/-ZzSmy6j_oCw\/U5OVA57qYmI\/AAAAAAAAJLE\/P606UfUY0-4\/s1600\/capap.JPG\" width=\"1000\" height=\"993\" \/><img loading=\"lazy\" decoding=\"async\" class=\"aligncenter\" alt=\"\" src=\"http:\/\/4.bp.blogspot.com\/-bkzup5Sj8bw\/U5OVKNemKPI\/AAAAAAAAJLM\/thz2LzK8tmM\/s1600\/contrap.JPG\" width=\"1000\" height=\"995\" \/><\/p>\n<div>Boa noite, amigos cultos e ocultos! Ultimamente todas as minhas publica\u00e7\u00f5es tem sido de discos que eu chamo de &#8216;discos de gaveta&#8217;, aqueles sempre prontos, como as &#8216;not\u00edcias de gaveta&#8217;, que aguardam a sua hora para entrar no jornal. Tenho feito assim, catando aquilo que est\u00e1 mais pr\u00f3ximo, sem ficar escolhendo muito. Felizmente, o que tenho deixado para essas horas s\u00e3o coisas que valem tamb\u00e9m a conferida. Hoje, por exemplo, vamos com este lp da cantora Claudia Telles, o primeiro lp gravado por ela. Antes disso a mo\u00e7a s\u00f3 tinha participado em discos de outros artistas, fazendo c\u00f4ro e alguns &#8216;backvocals&#8217;. Em 1976 ela gravou num compacto a m\u00fasica &#8220;Fim de tarde&#8221;, de Walter Davila Filho e Mauro Motta, que fez muito sucesso nas r\u00e1dios e lhe abriu as portas para este lp, que sairia no ano seguinte. A m\u00fasica acabou entrando no repert\u00f3rio do disco, impulsionando-o . E mais uma vez ela fez sucesso com outra m\u00fasica de Mauro Motta, desta vez em parceria com Robson Jorge, &#8220;Preciso te esquecer&#8221;, tema de uma novela da Rede Globo. O \u00e1lbum trouxe tamb\u00e9m outros destaques como &#8220;And I love her&#8221;, dos Beatles e &#8220;Dindi&#8221;, m\u00fasica de Tom Jobim e Aloysio de Oliveira, tamb\u00e9m interpretada por sua m\u00e3e, a cantora Sylvia Telles.<\/div>\n<div>J\u00e1 ouvi outros discos da Claudia Telles, mas este \u00e9 para mim o preferido, n\u00e3o apenas pelo repert\u00f3rio t\u00e3o agrad\u00e1vel, mas tamb\u00e9m pelos arranjos de Lincoln Olivetti e reg\u00eancias de Alexandre Gnatalli. Isso, sem d\u00favida, faz a diferen\u00e7<a href=\"http:\/\/depositfiles.org\/files\/ddg8y682s\" target=\"_blank\">a<\/a> \ud83d\ude42<\/div>\n<div><\/div>\n<div style=\"text-align: center;\">eu preciso te esquecer<\/div>\n<div style=\"text-align: center;\">eu nao posso mudar<\/div>\n<div style=\"text-align: center;\">dindi<\/div>\n<div style=\"text-align: center;\">voc\u00ea pensa<\/div>\n<div style=\"text-align: center;\">aprenda a amar<\/div>\n<div style=\"text-align: center;\">caminhos iguais<\/div>\n<div style=\"text-align: center;\">um dia tudo vai passar<\/div>\n<div style=\"text-align: center;\">n\u00e3o aguento mais voc\u00ea<\/div>\n<div style=\"text-align: center;\">and i love her<\/div>\n<div style=\"text-align: center;\">sem ter voc\u00ea<\/div>\n<div style=\"text-align: center;\">a vida sem voc\u00ea<\/div>\n<div style=\"text-align: center;\">fim de tarde<\/div>\n<div style=\"text-align: center;\"><\/div>\n<div style=\"text-align: center;\">.<\/div>\n","protected":false},"excerpt":{"rendered":"<p>Boa noite, amigos cultos e ocultos! Ultimamente todas as minhas publica\u00e7\u00f5es tem sido de discos que eu chamo de &#8216;discos de gaveta&#8217;, aqueles sempre prontos, como as &#8216;not\u00edcias de gaveta&#8217;, que aguardam a sua hora para entrar no jornal. Tenho &hellip; <a href=\"https:\/\/www.toque-musicall.com\/?p=4267\">Continue lendo <span class=\"meta-nav\">&rarr;<\/span><\/a><\/p>\n","protected":false},"author":1,"featured_media":0,"comment_status":"open","ping_status":"closed","sticky":false,"template":"","format":"standard","meta":{"footnotes":""},"categories":[2390,178],"tags":[],"class_list":["post-4267","post","type-post","status-publish","format-standard","hentry","category-claudia-telles","category-selo-cbs"],"_links":{"self":[{"href":"https:\/\/www.toque-musicall.com\/index.php?rest_route=\/wp\/v2\/posts\/4267","targetHints":{"allow":["GET"]}}],"collection":[{"href":"https:\/\/www.toque-musicall.com\/index.php?rest_route=\/wp\/v2\/posts"}],"about":[{"href":"https:\/\/www.toque-musicall.com\/index.php?rest_route=\/wp\/v2\/types\/post"}],"author":[{"embeddable":true,"href":"https:\/\/www.toque-musicall.com\/index.php?rest_route=\/wp\/v2\/users\/1"}],"replies":[{"embeddable":true,"href":"https:\/\/www.toque-musicall.com\/index.php?rest_route=%2Fwp%2Fv2%2Fcomments&post=4267"}],"version-history":[{"count":1,"href":"https:\/\/www.toque-musicall.com\/index.php?rest_route=\/wp\/v2\/posts\/4267\/revisions"}],"predecessor-version":[{"id":4268,"href":"https:\/\/www.toque-musicall.com\/index.php?rest_route=\/wp\/v2\/posts\/4267\/revisions\/4268"}],"wp:attachment":[{"href":"https:\/\/www.toque-musicall.com\/index.php?rest_route=%2Fwp%2Fv2%2Fmedia&parent=4267"}],"wp:term":[{"taxonomy":"category","embeddable":true,"href":"https:\/\/www.toque-musicall.com\/index.php?rest_route=%2Fwp%2Fv2%2Fcategories&post=4267"},{"taxonomy":"post_tag","embeddable":true,"href":"https:\/\/www.toque-musicall.com\/index.php?rest_route=%2Fwp%2Fv2%2Ftags&post=4267"}],"curies":[{"name":"wp","href":"https:\/\/api.w.org\/{rel}","templated":true}]}}