{"id":427,"date":"2011-06-17T11:51:00","date_gmt":"2011-06-17T11:51:00","guid":{"rendered":"http:\/\/www.toque-musicall.com\/?p=427"},"modified":"2011-06-17T11:51:00","modified_gmt":"2011-06-17T11:51:00","slug":"eugenio-osias-e-danilo-arraial-na-voz-de-titane-1984","status":"publish","type":"post","link":"https:\/\/www.toque-musicall.com\/?p=427","title":{"rendered":"Eugenio, Osias E Danilo &#8211; Arraial Na Voz De Titane (1984)"},"content":{"rendered":"<div style=\"clear: both; text-align: center;\"><a href=\"http:\/\/3.bp.blogspot.com\/-QJRJzNFNjF4\/Tfs3RxrBgvI\/AAAAAAAAIHY\/rqO80K1A9c4\/s1600\/arraial+P.JPG\" style=\"margin-left: 1em; margin-right: 1em;\"><img loading=\"lazy\" decoding=\"async\" border=\"0\" height=\"397\" src=\"http:\/\/3.bp.blogspot.com\/-QJRJzNFNjF4\/Tfs3RxrBgvI\/AAAAAAAAIHY\/rqO80K1A9c4\/s400\/arraial+P.JPG\" width=\"400\" \/><\/a><\/div>\n<p>Bom dia, amigos cultos e ocultos. Para o nosso encontro nesta sexta independente, eu trouxe um disco muito bacana, que s\u00f3 mesmo quem \u00e9 aqui das montanhas das Geraes o conhece bem. Trata-se de &#8220;Arraial&#8221;, um projeto musical onde participaram mais de 50 m\u00fasicos mineiros, entre instrumentistas, compositores e arranjadores. Figuras de destaque na m\u00fasica mineira como Marco Antonio Guimar\u00e3es e seu Uakti, Gilvan de Oliveira, Ladston do Nascimento, S\u00e9rgio Moreira e at\u00e9 o argentino Rujo Herrera, entre outros&#8230;<br \/>Osias Ribeiro, Danilo Santos e Eug\u00eanio Gomez s\u00e3o compositores mineiros que aqui tem as suas m\u00fasicas interpretadas por Titane, uma das maiores cantoras de Minas Gerais. Se n\u00e3o me engano, este foi o primeiro disco da Titane, ou melhor dizendo, um disco onde ela \u00e9 a cantora.<br \/>Num projeto onde tanta gente boa se envolveu, o resultado n\u00e3o poderia ser outro sen\u00e3o um disco de qualidades. Infelizmente, por quest\u00f5es t\u00e9cnicas e tamb\u00e9m de or\u00e7amento algumas m\u00fasicas foram cortadas. Se o disco tivesse sido lan\u00e7ado, na \u00e9poca, em formato cd, talvez isso n\u00e3o acontecesse. Mesmo assim eu prefiro lamentar ele n\u00e3o ter sido lan\u00e7ado como um \u00e1lbum duplo. Ao ouvirem, voc\u00eas logo me dar\u00e3o raz\u00e3o. Fica no final aquele gostinho de &#8216;quero mais&#8217; \ud83d\ude09<\/p>\n<div style=\"text-align: center;\">vendaval<\/div>\n<div style=\"text-align: center;\">inf\u00e2ncia<\/div>\n<div style=\"text-align: center;\">tristura<\/div>\n<div style=\"text-align: center;\">zero<\/div>\n<div style=\"text-align: center;\">ai de mim, solid\u00e3o<\/div>\n<div style=\"text-align: center;\">recorda\u00e7\u00f5es de amon<\/div>\n<div style=\"text-align: center;\">por que tristeza?<\/div>\n<div style=\"text-align: center;\">caatinga vista da lua<\/div>\n<div style=\"text-align: center;\">lamento<\/div>\n<div style=\"text-align: center;\">aboio<\/div>\n<div style=\"text-align: center;\"><\/div>\n","protected":false},"excerpt":{"rendered":"<p>Bom dia, amigos cultos e ocultos. Para o nosso encontro nesta sexta independente, eu trouxe um disco muito bacana, que s\u00f3 mesmo quem \u00e9 aqui das montanhas das Geraes o conhece bem. Trata-se de &#8220;Arraial&#8221;, um projeto musical onde participaram &hellip; <a href=\"https:\/\/www.toque-musicall.com\/?p=427\">Continue lendo <span class=\"meta-nav\">&rarr;<\/span><\/a><\/p>\n","protected":false},"author":1,"featured_media":0,"comment_status":"open","ping_status":"closed","sticky":false,"template":"","format":"standard","meta":{"footnotes":""},"categories":[677,25,676],"tags":[],"class_list":["post-427","post","type-post","status-publish","format-standard","hentry","category-joaquim-eugenio-osias-e-danilo","category-selo-independente","category-titane"],"_links":{"self":[{"href":"https:\/\/www.toque-musicall.com\/index.php?rest_route=\/wp\/v2\/posts\/427","targetHints":{"allow":["GET"]}}],"collection":[{"href":"https:\/\/www.toque-musicall.com\/index.php?rest_route=\/wp\/v2\/posts"}],"about":[{"href":"https:\/\/www.toque-musicall.com\/index.php?rest_route=\/wp\/v2\/types\/post"}],"author":[{"embeddable":true,"href":"https:\/\/www.toque-musicall.com\/index.php?rest_route=\/wp\/v2\/users\/1"}],"replies":[{"embeddable":true,"href":"https:\/\/www.toque-musicall.com\/index.php?rest_route=%2Fwp%2Fv2%2Fcomments&post=427"}],"version-history":[{"count":0,"href":"https:\/\/www.toque-musicall.com\/index.php?rest_route=\/wp\/v2\/posts\/427\/revisions"}],"wp:attachment":[{"href":"https:\/\/www.toque-musicall.com\/index.php?rest_route=%2Fwp%2Fv2%2Fmedia&parent=427"}],"wp:term":[{"taxonomy":"category","embeddable":true,"href":"https:\/\/www.toque-musicall.com\/index.php?rest_route=%2Fwp%2Fv2%2Fcategories&post=427"},{"taxonomy":"post_tag","embeddable":true,"href":"https:\/\/www.toque-musicall.com\/index.php?rest_route=%2Fwp%2Fv2%2Ftags&post=427"}],"curies":[{"name":"wp","href":"https:\/\/api.w.org\/{rel}","templated":true}]}}