{"id":4274,"date":"2014-06-11T09:38:49","date_gmt":"2014-06-11T12:38:49","guid":{"rendered":"http:\/\/www.toque-musicall.com\/?p=4274"},"modified":"2014-06-11T09:41:41","modified_gmt":"2014-06-11T12:41:41","slug":"toquinho-vinicius-amigos-1973","status":"publish","type":"post","link":"https:\/\/www.toque-musicall.com\/?p=4274","title":{"rendered":"Toquinho, Vin\u00edcius &#038; Amigos (1973)"},"content":{"rendered":"<p><img loading=\"lazy\" decoding=\"async\" class=\"aligncenter\" alt=\"\" src=\"http:\/\/3.bp.blogspot.com\/-0qCuoi_hwHg\/U5g6r_QfIJI\/AAAAAAAAJNA\/fogk3ofKwa8\/s1600\/frentep.JPG\" width=\"1000\" height=\"996\" \/><img loading=\"lazy\" decoding=\"async\" class=\"aligncenter\" alt=\"\" src=\"http:\/\/1.bp.blogspot.com\/-1rGqo0l6eFc\/U5g62Idl1tI\/AAAAAAAAJNI\/150AplzFy8k\/s1600\/contrap.JPG\" width=\"1600\" height=\"1595\" \/><\/p>\n<p>Bom dia, amigos cultos e ocultos! Contrariando as expectativas, por aqui, realmente, n\u00e3o vai ter Copa! N\u00e3o adianta nem pedir ajuda \u00e0 Fifa, ao Lula ou \u00e0 Dilma. Adoro futebol, mas aqui ningu\u00e9m \u00e9 idiota. Vai que o Joseph Blatter e sua gang resolvem come\u00e7ar a fazer exig\u00eancias&#8230; querer deixar isso aqui parecido com o Loronix, tudo em ingl\u00eas, texto perfeito padr\u00e3o Fifa&#8230; sem chance! Aqui, fa\u00e7o eu!<br \/>\nVamos ent\u00e3o rodando o nosso disco do dia. Vamos com este c\u00e9lebre lp de Toquinho &amp; Vin\u00edcius lan\u00e7ado pela RGE\/Fermata em 1973. Um \u00e1lbum cheio de convidados, como se pode ver logo pela capa: Chico Buarque, Maria Bethania, Maria Creuza, o italiano Sergio Endrigo e Ciro Monteiro, que aparece aqui em suas \u00faltimas grava\u00e7\u00f5e<a href=\"http:\/\/depositfiles.org\/files\/ikeljmgic\" target=\"_blank\">s<\/a>.<\/p>\n<div style=\"text-align: center;\">apelo &#8211; toquinho, vinincius e maria bethania<\/div>\n<div style=\"text-align: center;\">que mart\u00edrio &#8211; toquinho, vin\u00edcius e ciro monteiro<\/div>\n<div style=\"text-align: center;\">tomara &#8211; toquinho, vin\u00edcius e maria creuza<\/div>\n<div style=\"text-align: center;\">poema degli occhi &#8211; toquinho e sergio endrigo<\/div>\n<div style=\"text-align: center;\">samba da rosa &#8211; toquinho e vinicius<\/div>\n<div style=\"text-align: center;\">voc\u00ea errou &#8211; toquinho, vin\u00edcius e ciro monteiro<\/div>\n<div style=\"text-align: center;\">e se esque\u00e7a de mim &#8211; toquinho<\/div>\n<div style=\"text-align: center;\">la cada &#8211; toquinho, vin\u00edcius e sergio endrigo<\/div>\n<div style=\"text-align: center;\">viramundo &#8211; toquinho e maria bethania<\/div>\n<div style=\"text-align: center;\">lamento no morro &#8211; toquinho, vin\u00edcius e maria creuza<\/div>\n<div style=\"text-align: center;\">desencontro &#8211; toquinho e chico buarque<\/div>\n<div style=\"text-align: center;\"><\/div>\n<div style=\"text-align: center;\">.<\/div>\n","protected":false},"excerpt":{"rendered":"<p>Bom dia, amigos cultos e ocultos! Contrariando as expectativas, por aqui, realmente, n\u00e3o vai ter Copa! N\u00e3o adianta nem pedir ajuda \u00e0 Fifa, ao Lula ou \u00e0 Dilma. Adoro futebol, mas aqui ningu\u00e9m \u00e9 idiota. Vai que o Joseph Blatter &hellip; <a href=\"https:\/\/www.toque-musicall.com\/?p=4274\">Continue lendo <span class=\"meta-nav\">&rarr;<\/span><\/a><\/p>\n","protected":false},"author":1,"featured_media":0,"comment_status":"open","ping_status":"closed","sticky":false,"template":"","format":"standard","meta":{"footnotes":""},"categories":[408,226,569,1221,426,153,1120,1119],"tags":[],"class_list":["post-4274","post","type-post","status-publish","format-standard","hentry","category-chico-buarque","category-cyro-monteiro","category-maria-bethania","category-maria-creusa","category-maria-creuza","category-selo-rge","category-toquinho","category-vinicius-de-moraes"],"_links":{"self":[{"href":"https:\/\/www.toque-musicall.com\/index.php?rest_route=\/wp\/v2\/posts\/4274","targetHints":{"allow":["GET"]}}],"collection":[{"href":"https:\/\/www.toque-musicall.com\/index.php?rest_route=\/wp\/v2\/posts"}],"about":[{"href":"https:\/\/www.toque-musicall.com\/index.php?rest_route=\/wp\/v2\/types\/post"}],"author":[{"embeddable":true,"href":"https:\/\/www.toque-musicall.com\/index.php?rest_route=\/wp\/v2\/users\/1"}],"replies":[{"embeddable":true,"href":"https:\/\/www.toque-musicall.com\/index.php?rest_route=%2Fwp%2Fv2%2Fcomments&post=4274"}],"version-history":[{"count":1,"href":"https:\/\/www.toque-musicall.com\/index.php?rest_route=\/wp\/v2\/posts\/4274\/revisions"}],"predecessor-version":[{"id":4275,"href":"https:\/\/www.toque-musicall.com\/index.php?rest_route=\/wp\/v2\/posts\/4274\/revisions\/4275"}],"wp:attachment":[{"href":"https:\/\/www.toque-musicall.com\/index.php?rest_route=%2Fwp%2Fv2%2Fmedia&parent=4274"}],"wp:term":[{"taxonomy":"category","embeddable":true,"href":"https:\/\/www.toque-musicall.com\/index.php?rest_route=%2Fwp%2Fv2%2Fcategories&post=4274"},{"taxonomy":"post_tag","embeddable":true,"href":"https:\/\/www.toque-musicall.com\/index.php?rest_route=%2Fwp%2Fv2%2Ftags&post=4274"}],"curies":[{"name":"wp","href":"https:\/\/api.w.org\/{rel}","templated":true}]}}