{"id":429,"date":"2011-06-15T12:47:00","date_gmt":"2011-06-15T12:47:00","guid":{"rendered":"http:\/\/www.toque-musicall.com\/?p=429"},"modified":"2011-06-15T12:47:00","modified_gmt":"2011-06-15T12:47:00","slug":"lauro-paiva-e-seu-conjunto-o-ritmo-e-1963","status":"publish","type":"post","link":"https:\/\/www.toque-musicall.com\/?p=429","title":{"rendered":"Lauro Paiva E Seu Conjunto &#8211; O Ritmo \u00c9&#8230; (1963)"},"content":{"rendered":"<div style=\"clear: both; text-align: center;\"><a href=\"http:\/\/4.bp.blogspot.com\/-_pye-MpMe9c\/TfiQhZl9M1I\/AAAAAAAAIHI\/Xm1RQqvPNP0\/s1600\/Lauro+P.JPG\" style=\"margin-left: 1em; margin-right: 1em;\"><img loading=\"lazy\" decoding=\"async\" border=\"0\" height=\"396\" src=\"http:\/\/4.bp.blogspot.com\/-_pye-MpMe9c\/TfiQhZl9M1I\/AAAAAAAAIHI\/Xm1RQqvPNP0\/s400\/Lauro+P.JPG\" width=\"400\" \/><\/a><\/div>\n<p>Bom dia, amigos cultos e ocultos! At\u00e9 o momento ningu\u00e9m se manifestou com rela\u00e7\u00e3o \u00e0 postagem de ontem. Ainda continua valendo um doce para aquele que souber informa\u00e7\u00f5es sobre o Del Norman.<br \/>Para hoje eu tenho mais um disco raro, um t\u00edpico exemplar que voc\u00eas s\u00f3 encontram aqui no Toque Musical. Finalmente chegou em minhas m\u00e3os o \u00faltimo dos quatro discos lan\u00e7ados pelo selo mineiro MGL. Quem acompanha o Toque Musical j\u00e1 deve saber um pouco da saga e os discos criados por essa gravadora, pioneira no Estado de Minas Gerais. A MGL (Minas Grava\u00e7\u00f5es Limitada) nasceu nos primeiros anos da d\u00e9cada de 60. Foi criada por Dirceu Cheib, incentivado pelo Maestro Edmundo Peruzzi, o qual estreou o selo com o \u00e1lbum &#8220;<a href=\"http:\/\/toque-musicall.blogspot.com\/2008\/12\/peruzzi-e-sua-orquestra-o-samba-visita.html\">O samba visita o cl\u00e1ssico<\/a>&#8220;. Naqueles anos de 62 e 63, quando a MGL iniciou os seus trabalhos, segundo Dirceu Cheib, a ideia era a de fazerem apenas um disco. Naquele momento a empresa era apenas um esp\u00e9cie de editora. Ainda n\u00e3o haviam investido em maquin\u00e1rios para um est\u00fadio de grava\u00e7\u00f5es. Os quatro discos lan\u00e7ados foram totalmente feitos em S\u00e3o Paulo e com artista desse Estado. Os \u00e1lbuns lan\u00e7ados foram: &#8220;<a href=\"http:\/\/toque-musicall.blogspot.com\/2008\/12\/peruzzi-e-sua-orquestra-o-samba-visita.html\">Peruzzi &#8211; O samba visita o cl\u00e1ssico<\/a>&#8220;; &#8220;<a href=\"http:\/\/toque-musicall.blogspot.com\/2009\/03\/xixa-e-seu-conjunto-hoje-e-dia-de-festa.html\">Xixa e seu conjunto &#8211; Hoje \u00e9 dia de festa<\/a>&#8220;; &#8220;<a href=\"http:\/\/toque-musicall.blogspot.com\/2010\/10\/antoninho-pellicciari-e-seu-conjunto.html\">Antoninho Pellicciari e seu conjunto &#8211; Apresenta sucessos do momento<\/a>&#8221; e este que estou postando agora, &#8220;Lauro Paiva &#8211; O ritmo \u00e9&#8230;&#8221;. N\u00e3o sei precisar a ordem de lan\u00e7amento desses discos que vieram ap\u00f3s o do Maestro Peruzzi, mas todos foram lan\u00e7ados em 1963. Provavelmente, o do Lauro Paiva foi o \u00faltimo e talvez seja at\u00e9 de 1964, ano em que a MGL inicia com seu selo Paladium. Este lp demonstra bem isso, a transi\u00e7\u00e3o, pela capa temos a MGL e o selo j\u00e1 era Paladium. Dos quatro lan\u00e7amentos este foi o \u00fanico com grava\u00e7\u00e3o est\u00e9reo. A partir da\u00ed, os discos da Minas Grava\u00e7\u00f5es passaram a ser Paladium. A Paladium, como j\u00e1 disse, foi um selo criado para cole\u00e7\u00f5es com vendas a domic\u00edlio. A raz\u00e3o pela qual seus discos, quando os encontramos por a\u00ed, n\u00e3o apresentarem uma ficha t\u00e9cnica, se deve ao fato de que os mesmos faziam parte de caixas como seis lps, que eram vendidas \u00e0 domic\u00edlio por todo o Brasil.<br \/>A hist\u00f3ria da Paldium e por consequ\u00eancia da MGL e Bemol eu ainda penso em contar em um outro blog que criei, mas at\u00e9 hoje n\u00e3o achei um tempo para lhe dar vaz\u00e3o. S\u00f3 para n\u00e3o perder a ideia de vista, cheguei at\u00e9 a fazer umas duas postagens, mas apenas para lhe dar um corpo. Poss\u00edvelmente, se tudo der certo, quero transformar essa hist\u00f3ria num projeto, com apoio institucional ou de leis de incentivo. J\u00e1 tenho muito material de pesquisa coletado e todo o esquema montado para isso. S\u00f3 me falta tempo e talvez uma pessoa tamb\u00e9m interessada no assunto e que queira comigo pegar essa empreitada. Algu\u00e9m se habilita?<br \/>Bom, vamos ao disco&#8230; Lauro Paiva, embora hoje em dia seja quase um desconhecido, foi nos anos 50 e 60 um m\u00fasico e compositor bem conhecido, principalmente em S\u00e3o Paulo, onde ele fez seu nome. Nascido na Bahia, trabalhou no in\u00edcio dos anos 50 na Radio Excelsior baiana. Mudou-se para o Rio de Janeiro logo em seguida e a partir de ent\u00e3o vieram as grava\u00e7\u00f5es. Pelo que eu pesquisei ele gravou por volta de uns nove ou dez discos ao longo de sua carreira. Estabeleceu-se em S\u00e3o Paulo onde tamb\u00e9m tocava na noite. Em 1963 ele foi convidado pelo Maestro Peruzzi a gravar este \u00e1lbum para a ent\u00e3o nov\u00edssima MGL. Um trabalho muito interessante e super gostoso de ouvir. Do lado A temos uma sele\u00e7\u00e3o de sambas, muito bem arranjados, valorizando bem o ritmo, como anunciando no t\u00edtulo do lp. S\u00e3o m\u00fasicas, algumas, bem conhecidas, como &#8220;Influ\u00eancia do jazz&#8221;, de Carlos Lyra; &#8220;Eu sei que vou te amar&#8221;, de Tom e Vinicius e &#8220;Na cad\u00eancia do samba&#8221;, de Ataulfo Alves. No lado B temos tamb\u00e9m muito ritmo, contemplando um repert\u00f3rio internacional com \u00a0outros estilos musicais muito em voga na \u00e9poca, o &#8216;twist&#8217; e o ch\u00e1 ch\u00e1 ch\u00e1.<br \/>Muito legal o disco, vale a pena dar uma conferida.<\/p>\n<div style=\"text-align: center;\"><\/div>\n<div style=\"text-align: center;\">influ\u00eancia do jazz<\/div>\n<div style=\"text-align: center;\">al\u00f4 verinha<\/div>\n<div style=\"text-align: center;\">can\u00e7\u00e3o do fim<\/div>\n<div style=\"text-align: center;\">eu sei que vou te amar<\/div>\n<div style=\"text-align: center;\">e voc\u00ea n\u00e3o dizia nada<\/div>\n<div style=\"text-align: center;\">na cad\u00eancia do samba<\/div>\n<div style=\"text-align: center;\">the jet<\/div>\n<div style=\"text-align: center;\">hava nagila<\/div>\n<div style=\"text-align: center;\">tea for two<\/div>\n<div style=\"text-align: center;\">trumpet ch\u00e1 ch\u00e1 ch\u00e1<\/div>\n<div style=\"text-align: center;\">dance avec moi<\/div>\n<div style=\"text-align: center;\">suave \u00e9 a noite<\/div>\n<div style=\"text-align: center;\"><\/div>\n","protected":false},"excerpt":{"rendered":"<p>Bom dia, amigos cultos e ocultos! At\u00e9 o momento ningu\u00e9m se manifestou com rela\u00e7\u00e3o \u00e0 postagem de ontem. Ainda continua valendo um doce para aquele que souber informa\u00e7\u00f5es sobre o Del Norman.Para hoje eu tenho mais um disco raro, um &hellip; <a href=\"https:\/\/www.toque-musicall.com\/?p=429\">Continue lendo <span class=\"meta-nav\">&rarr;<\/span><\/a><\/p>\n","protected":false},"author":1,"featured_media":0,"comment_status":"open","ping_status":"closed","sticky":false,"template":"","format":"standard","meta":{"footnotes":""},"categories":[681,682,398],"tags":[],"class_list":["post-429","post","type-post","status-publish","format-standard","hentry","category-lauro-paiva","category-paladium","category-selo-mgl"],"_links":{"self":[{"href":"https:\/\/www.toque-musicall.com\/index.php?rest_route=\/wp\/v2\/posts\/429","targetHints":{"allow":["GET"]}}],"collection":[{"href":"https:\/\/www.toque-musicall.com\/index.php?rest_route=\/wp\/v2\/posts"}],"about":[{"href":"https:\/\/www.toque-musicall.com\/index.php?rest_route=\/wp\/v2\/types\/post"}],"author":[{"embeddable":true,"href":"https:\/\/www.toque-musicall.com\/index.php?rest_route=\/wp\/v2\/users\/1"}],"replies":[{"embeddable":true,"href":"https:\/\/www.toque-musicall.com\/index.php?rest_route=%2Fwp%2Fv2%2Fcomments&post=429"}],"version-history":[{"count":0,"href":"https:\/\/www.toque-musicall.com\/index.php?rest_route=\/wp\/v2\/posts\/429\/revisions"}],"wp:attachment":[{"href":"https:\/\/www.toque-musicall.com\/index.php?rest_route=%2Fwp%2Fv2%2Fmedia&parent=429"}],"wp:term":[{"taxonomy":"category","embeddable":true,"href":"https:\/\/www.toque-musicall.com\/index.php?rest_route=%2Fwp%2Fv2%2Fcategories&post=429"},{"taxonomy":"post_tag","embeddable":true,"href":"https:\/\/www.toque-musicall.com\/index.php?rest_route=%2Fwp%2Fv2%2Ftags&post=429"}],"curies":[{"name":"wp","href":"https:\/\/api.w.org\/{rel}","templated":true}]}}