{"id":4299,"date":"2014-07-01T20:51:44","date_gmt":"2014-07-01T23:51:44","guid":{"rendered":"http:\/\/www.toque-musicall.com\/?p=4299"},"modified":"2014-07-01T20:51:44","modified_gmt":"2014-07-01T23:51:44","slug":"joao-petra-de-barros-selecao-78-rpm-do-toque-musical-vol-106-2014","status":"publish","type":"post","link":"https:\/\/www.toque-musicall.com\/?p=4299","title":{"rendered":"Jo\u00e3o Petra De Barros &#8211; Sele\u00e7\u00e3o 78 RPM Do Toque Musical Vol. 106 (2014)"},"content":{"rendered":"<p><img loading=\"lazy\" decoding=\"async\" class=\"aligncenter\" alt=\"\" src=\"http:\/\/1.bp.blogspot.com\/-XkqvVA-c7_w\/U7M1sT9XFVI\/AAAAAAAAJRE\/5G-e4Lgqf7g\/s1600\/CAPAP.JPG\" width=\"1000\" height=\"1000\" \/><img loading=\"lazy\" decoding=\"async\" class=\"aligncenter\" alt=\"\" src=\"http:\/\/4.bp.blogspot.com\/-NBbPVUm7Ak8\/U7M1-UTupAI\/AAAAAAAAJRM\/U_IlRvBrblU\/s1600\/CONTRACAPAP.JPG\" width=\"1000\" height=\"1000\" \/><\/p>\n<div>J\u00e1 estamos na cent\u00e9sima-sexta edi\u00e7\u00e3o do Grand Record Brazil, o \u201cbra\u00e7o de cera\u201d do Toque Musical.\u00a0 E prosseguimos esta brilhante e vitoriosa trajet\u00f3ria focalizando mais um grande nome da era de ouro de nossa m\u00fasica popular, cujo centen\u00e1rio de nascimento celebramos neste 2014: Jo\u00e3o Petra de Barros. Nosso focalizado veio ao mundo no dia 23 de junho de 1914, no Rio de Janeiro, e era irm\u00e3o do tamb\u00e9m cantor M\u00e1rio Petra de Barros. Come\u00e7ou sua carreira no in\u00edcio dos anos 1930 no \u201cPrograma Cas\u00e9\u201d, apresentado por Ademar Cas\u00e9 (av\u00f4 de Regina Cas\u00e9) na PRAX, R\u00e1dio Philips, que pertencia ao grupo holand\u00eas de mesmo nome. Em pouco tempo, Jo\u00e3o Petra se notabilizou por ter\u00a0 timbre de voz parecido com o de Francisco Alves, grande astro do r\u00e1dio e do disco nessa \u00e9poca, logo sendo cognominado\u00a0 \u201ca voz de dezoito quilates\u201d.\u00a0 Era figura constante em rodas de samba, ao lado de \u201ccrac\u00f5es\u201d\u00a0 tipo Noel\u00a0 Rosa, Cust\u00f3dio Mesquita , Chico Alves, Lamartine Babo, Benedito Lacerda, e com eles frequentava o ent\u00e3o c\u00e9lebre Caf\u00e9 da Uma Hora, na Rua S\u00e3o Francisco Xavier, zona norte carioca. A estreia de Jo\u00e3o Petra em disco acontece em 1933, na Odeon, com dois sambas para o carnaval desse ano,\u00a0 ambos neste CD: \u201cQuero falar com voc\u00ea\u201d (Lauro dos Santos) e o cl\u00e1ssico \u201cAt\u00e9 amanh\u00e3\u201d (Noel Rosa), ambos presentes nesta sele\u00e7\u00e3o e dos quais daremos mais detalhes a seguir. Um ano mais tarde, participa de um recital em benef\u00edcio do Sindicato Brasileiro de Artistas de R\u00e1dio, ao lado de outros grandes cartazes da \u00e9poca, tais como C\u00e1rmen Miranda e Cust\u00f3dio Mesquita, com eles tamb\u00e9m se apresentando em in\u00fameros programas radiof\u00f4nicos\u00a0 e espet\u00e1culos teatrais. Seria um dos pioneiros da R\u00e1dio Globo, fundada no Rio de Janeiro em 1944, em substitui\u00e7\u00e3o \u00e0 R\u00e1dio Transmissora, adquirida anos antes junto \u00e0 antiga propriet\u00e1ria, a multinacional americana RCA Victor.\u00a0 Mas essa carreira promissora e auspiciosa sofreria um abalo de monta exatamente no dia 22 de julho de 1946. \u00a0Jo\u00e3o Petra de Barros viajava no estribo de um bonde pela Rua da Assembleia, a caminho da Pra\u00e7a XV. De repente, uma caminhonete da Escola de Aeron\u00e1utica choca-se com o bonde, e atinge o ter\u00e7o m\u00e9dio da perna direita de Jo\u00e3o Petra. O cantor \u00e9 logo atendido nem um pronto-socorro, mas tem sua perna amputada, fato que o traumatiza e o deixa inconsol\u00e1vel, a ponto de retirar-se da cena art\u00edstica. Sabedora da trag\u00e9dia nos EUA, onde ent\u00e3o residia, sua amiga e colega C\u00e1rmen Miranda chegou a lhe oferecer tratamento m\u00e9dico por l\u00e1, mas n\u00e3o foi poss\u00edvel salv\u00e1-lo. Ap\u00f3s duas tentativas, Jo\u00e3o Petra de Barros suicidou-se no dia 11 de janeiro de 1947, com apenas 32 anos de idade. Em sua curta carreira, Jo\u00e3o Petra de Barros gravou 48 discos com 94 m\u00fasicas. Desse legado, o Grand Record Brazil foi buscar as vinte e quatro faixas desta edi\u00e7\u00e3o, muitas delas sucessos inesquec\u00edveis, interpretados por ele com profundo sentimento. Abrindo-a, o samba \u201cQuero falar com voc\u00ea\u201d, de Lauro \u201cGradim\u201d dos Santos,lado A de seu primeiro disco, o Odeon 10950, gravado em 19 de outubro de 1932 e lan\u00e7ado para o carnaval de 33, em janeiro, matriz 4526. Na faixa 12 est\u00e1 o verso do disco, um verdadeiro cl\u00e1ssico do samba: \u201cAt\u00e9 amanh\u00e3\u201d, de Noel Rosa, matriz 4528. Noel o comp\u00f4s durante uma excurs\u00e3o que fez pelo Sul do pais, como integrante do grupo Ases do Samba,inspirado em uma mo\u00e7a de cabar\u00e9 por quem se apaixonou, na passagem por Porto Alegre. Sucesso estrondoso na folia de 1933, \u201cAt\u00e9 amanh\u00e3\u201d foi executado durante anos para encerrar os bailes carnavalescos. Na faixa 2, temos a valsa \u201c\u00daltimo sonho\u201d, de Afonso Teixeira e Ari Monteiro, grava\u00e7\u00e3o Victor de 12 de maio de 1942, lan\u00e7ada em julho do mesmo ano, disco 34942-A, matriz S-052515. A faixa 3, \u201cCan\u00e7\u00e3o ao microfone\u201d, \u00e9 um fox de Cust\u00f3dio Mesquita em parceria com o jornalista e m\u00e9dico Paulo Roberto, grava\u00e7\u00e3o Odeon de 15 de agosto de 1933, lan\u00e7ada em outubro do mesmo ano, disco 11058-A, matriz 4714. \u201cVoc\u00ea prometeu\u201d, a faixa seguinte, \u00e9 um samba do mestre Ismael Silva em parceria com o jornalista Dan Mallio Carneiro, e Jo\u00e3o Petra o gravou na Odeon em 12 de junho de 1935, com lan\u00e7amento em novembro seguinte para a folia de 36, disco 11281-B, matriz 5069. O lado A, que voc\u00ea vai encontrar na faixa 15, tem uma curiosidade. Trata-se da marcha-rancho \u201cLinda pequena\u201d, parceria de Jo\u00e3o de Barro, o Braguinha, com Noel Rosa, e que j\u00e1 estava gravada desde o dia 8 de dezembro de 1934, matriz 4965, ficando engavetada por quase um ano, e obtendo pouca ou nenhuma repercuss\u00e3o na folia de 36. Ap\u00f3s o falecimento de Noel, em 1937, Braguinha, n\u00e3o entendendo o porqu\u00ea da n\u00e3o-aceita\u00e7\u00e3o da m\u00fasica,\u00a0 decide relan\u00e7\u00e1-la para o carnaval de 38, com uma ou outra altera\u00e7\u00e3o na letra, e o novo t\u00edtulo de \u201cPastorinhas\u201d, na voz de S\u00edlvio Caldas, obtendo desta vez o \u00eaxito merecido, e vencendo o concurso da prefeitura carioca na categoria marcha. A faixa 5, \u201cSou eu quem volta\u201d, \u00e9 um fox de Olga\u00a0 Maria e Ribeiro Filho, e Jo\u00e3o Petra o imortaliza na Victor em 5 de junho de 1943,com lan\u00e7amento em setembro do mesmo ano sob n.o 80-0111-B, matriz S-052787. O lado A, matriz S-052786, \u00e9 justamente a faixa seguinte, a valsa \u2018Quem ser\u00e1?\u201d, de Cust\u00f3dio Mesquita e David Nasser. Para o carnaval de 1944, \u201ca voz de dezoito quilates\u201d grava dois sambas na mesma Victor, em 2 de dezembro de 43, e que s\u00e3o lan\u00e7ados bem em cima da folia, em fevereiro, com o n.o 80-0159: o lado A, s\u00e9tima faixa desta edi\u00e7\u00e3o, \u00e9 \u201cDepois de um longo inverno\u201d, de Francisco Malfitano e Humberto deCarvalho, matriz S-052898. O lado B est\u00e1 na faixa 9: \u201cAgora \u00e9 tarde\u201d, da parceria Alcyr Pires Vermelho-Pedro Caetano, matriz S-052899. A faixa 8, \u201cConto da carochinha\u201d, \u00e9 um samba-can\u00e7\u00e3o tamb\u00e9m de Cust\u00f3dio Mesquita, agora sem parceiro, grava\u00e7\u00e3o Victor de 14 de junho de1933 e lan\u00e7ado em agosto do mesmo ano, disco 33692-B, matriz 65776. Tamb\u00e9m de 1933 s\u00e3o dois foxes que Jo\u00e3o Petra grava na marca do cachorrinho Nipper em 25 de julho e s\u00e3o lan\u00e7ados em setembro seguinte com o n.o\u00a0 33693. No lado B, faixa 10, \u2018Sonho bonito\u201d, de Joaquim Medina e Monte Branco, matriz 65822. Na faixa 23, voc\u00ea vai encontrar o lado A, \u201cDor de uma saudade\u201d, matriz 65821, tamb\u00e9m de Joaquim Medina (e com ele em dueto com Jo\u00e3o Petra), agora tendo como parceiro nada mais nada menos que o Poetinha Vin\u00edcius de Moraes, ent\u00e3o dando seus primeiros passos na MPB. A faixa 11 traz o maior hit da carreira de Jo\u00e3o Petra de Barros: a valsa \u201c\u00daltima inspira\u00e7\u00e3o\u201d, do alagoano\u00a0 Peterpan (Jos\u00e9 Fernandes de Paula), imortalizada na mesma Victor em 16 de abril de1940 e lan\u00e7ada em junho seguinte sob n.o 34615-B, matriz 33382. \u00c9 um cl\u00e1ssico at\u00e9 hoje e tem v\u00e1rias regrava\u00e7\u00f5es. Na faixa 12, o fox-can\u00e7\u00e3o \u201cCantor do r\u00e1dio\u201d, da parceria Cust\u00f3dio Mesquita-Paulo Roberto, grava\u00e7\u00e3o Odeon de 17 de agosto de 1933, lan\u00e7ada em setembro do mesmo ano, disco 11056-A, matriz 4713. O lado B est\u00e1 na faixa 18:\u00a0 \u201cVeio d\u2019\u00e1gua\u201d, can\u00e7\u00e3o de Francisco Alves e Luiz Igl\u00e9sias, matriz 4712. A faixa 14 \u00e9 um outro cl\u00e1ssico do samba: \u201cFeiti\u00e7o da Vila\u201d, da parceria Noel Rosa-Vadico, aquele da famosa defini\u00e7\u00e3o \u201cS\u00e3o Paulo d\u00e1 caf\u00e9. Minas d\u00e1 leite e a Vila Isabel d\u00e1 samba\u201d. Grava\u00e7\u00e3o Odeon de 22 de outubro de 1934, lan\u00e7ada em dezembro seguinte para o carnaval de 35, disco 11175-A, matriz 4938, na qual Noel faz a segunda voz, por\u00e9m n\u00e3o foi creditado no selo como int\u00e9rprete.\u00a0 A faixa 16, \u201cSanto Ant\u00f4nio amigo\u201d, \u00e9 um samba junino, como \u00e0s vezes tamb\u00e9m se fazia, em grava\u00e7\u00e3o Victor de 9 de maio de 1941, lan\u00e7ada em julho seguinte sob n.o 34766-A, matriz 52208, nela ouvindo-se a inconfund\u00edvel\u00a0 flauta do mestre Benedito Lacerda\u00a0 no acompanhamento.\u00a0 Na faixa 17, outra bela valsa, \u2018Teatro de revista\u201d, de Marino Pinto e Pandi\u00e1 Pires, grava\u00e7\u00e3o Victor de 28 de janeiro de 1942, lan\u00e7ada em abril do mesmo ano, disco 34889-A, matriz S-052467. A faixa 19 \u00e9 o fox \u201cNinon\u00a0 (Quando tu sorris)\u201d, de Bronislau Kaper e e Walte Jurman, em vers\u00e3o de Jo\u00e3o \u2018Braguinha\u201d de Barro, grava\u00e7\u00e3o Odeon de 21 de setembro de 1934, lan\u00e7ada em novembro do mesmo ano, disco 11163-A, matriz 4917. \u00c9 do filme alem\u00e3o \u201cUma can\u00e7\u00e3o para voc\u00ea (Einlied fur dich\u201d), de 1933, sendo nele cantado por Jan Kiepura.\u00a0 A faixa 20, \u201cIsso n\u00e3o se faz\u201d, \u00e9 outro samba do mestre Ismael Silva, agora em parceria com Noel Rosa e Francisco Alves, gravado na \u201cmarca do templo\u201d em 2 de maio de 1933 e lan\u00e7ada em julho do mesmo ano, disco 11031-B, matriz 4661. Na faixa seguinte est\u00e1 o lado A, \u2018Sorrindo sempre\u201d,\u00a0 outro samba dos mesmos autores mais Lauro \u201cGradim\u201d dos Santos, matriz 4660. Na faixa 22, o fox \u201cO que o teu piano revelou\u201d, da parceria Cust\u00f3dio Mesquita-Orestes Barbosa, grava\u00e7\u00e3o Odeon de 12 de janeiro de 1935, lan\u00e7ada em maio do mesmo ano, disco 11222-A,matriz 4995. O lado B \u00e9 a faixa de encerramento desta sele\u00e7\u00e3o, a can\u00e7\u00e3o \u201cTapera\u201d, tamb\u00e9m de Cust\u00f3dio Mesquita, agora em parceria com Alberto Ribeiro, gravada em 11 de agosto de 1934 e que ficou nove meses engavetada, matriz 4892. Enfim, uma sele\u00e7\u00e3o vasta e primorosa que d\u00e1 uma vis\u00e3o panor\u00e2mica da curta carreira de Jo\u00e3o Petra de Barros, e representa uma dign\u00edssima homenagem ao centen\u00e1rio de seu nascimento. Simplesmente imperd\u00edve<a href=\"http:\/\/depositfiles.org\/files\/wtja186n6\" target=\"_blank\">l!<\/a><\/div>\n<div><\/div>\n<div>* Texto de Samuel Machado Filho<\/div>\n","protected":false},"excerpt":{"rendered":"<p>J\u00e1 estamos na cent\u00e9sima-sexta edi\u00e7\u00e3o do Grand Record Brazil, o \u201cbra\u00e7o de cera\u201d do Toque Musical.\u00a0 E prosseguimos esta brilhante e vitoriosa trajet\u00f3ria focalizando mais um grande nome da era de ouro de nossa m\u00fasica popular, cujo centen\u00e1rio de nascimento &hellip; <a href=\"https:\/\/www.toque-musicall.com\/?p=4299\">Continue lendo <span class=\"meta-nav\">&rarr;<\/span><\/a><\/p>\n","protected":false},"author":1,"featured_media":0,"comment_status":"open","ping_status":"closed","sticky":false,"template":"","format":"standard","meta":{"footnotes":""},"categories":[11,1075,13],"tags":[],"class_list":["post-4299","post","type-post","status-publish","format-standard","hentry","category-exclusivos-do-toque-musical","category-joao-petra-de-barros","category-selo-grand-record-brazil"],"_links":{"self":[{"href":"https:\/\/www.toque-musicall.com\/index.php?rest_route=\/wp\/v2\/posts\/4299","targetHints":{"allow":["GET"]}}],"collection":[{"href":"https:\/\/www.toque-musicall.com\/index.php?rest_route=\/wp\/v2\/posts"}],"about":[{"href":"https:\/\/www.toque-musicall.com\/index.php?rest_route=\/wp\/v2\/types\/post"}],"author":[{"embeddable":true,"href":"https:\/\/www.toque-musicall.com\/index.php?rest_route=\/wp\/v2\/users\/1"}],"replies":[{"embeddable":true,"href":"https:\/\/www.toque-musicall.com\/index.php?rest_route=%2Fwp%2Fv2%2Fcomments&post=4299"}],"version-history":[{"count":1,"href":"https:\/\/www.toque-musicall.com\/index.php?rest_route=\/wp\/v2\/posts\/4299\/revisions"}],"predecessor-version":[{"id":4300,"href":"https:\/\/www.toque-musicall.com\/index.php?rest_route=\/wp\/v2\/posts\/4299\/revisions\/4300"}],"wp:attachment":[{"href":"https:\/\/www.toque-musicall.com\/index.php?rest_route=%2Fwp%2Fv2%2Fmedia&parent=4299"}],"wp:term":[{"taxonomy":"category","embeddable":true,"href":"https:\/\/www.toque-musicall.com\/index.php?rest_route=%2Fwp%2Fv2%2Fcategories&post=4299"},{"taxonomy":"post_tag","embeddable":true,"href":"https:\/\/www.toque-musicall.com\/index.php?rest_route=%2Fwp%2Fv2%2Ftags&post=4299"}],"curies":[{"name":"wp","href":"https:\/\/api.w.org\/{rel}","templated":true}]}}