{"id":43,"date":"2012-06-05T00:52:00","date_gmt":"2012-06-05T00:52:00","guid":{"rendered":"http:\/\/www.toque-musicall.com\/?p=43"},"modified":"2012-06-05T00:52:00","modified_gmt":"2012-06-05T00:52:00","slug":"vocalistas-tropicais-selecao-78-rpm-do-toque-musical-vol-24-2012","status":"publish","type":"post","link":"https:\/\/www.toque-musicall.com\/?p=43","title":{"rendered":"Vocalistas Tropicais &#8211; Sele\u00e7\u00e3o 78 RPM Do Toque Musical Vol. 24 (2012)"},"content":{"rendered":"<div style=\"clear: both; text-align: center;\"><a href=\"http:\/\/4.bp.blogspot.com\/-c4p5YuwmHlI\/T81VIdLgtXI\/AAAAAAAACnI\/MDEZjTZeYg4\/s1600\/CAPAp.JPG\" style=\"margin-left: 1em; margin-right: 1em;\"><img loading=\"lazy\" decoding=\"async\" border=\"0\" height=\"400\" src=\"http:\/\/4.bp.blogspot.com\/-c4p5YuwmHlI\/T81VIdLgtXI\/AAAAAAAACnI\/MDEZjTZeYg4\/s400\/CAPAp.JPG\" width=\"400\" \/><\/a><\/div>\n<div style=\"clear: both; text-align: center;\"><a href=\"http:\/\/3.bp.blogspot.com\/-J7ylcuP56r0\/T81VEYCTG4I\/AAAAAAAACnA\/X5gQ3584zbY\/s1600\/CONTRACAPAp.JPG\" style=\"margin-left: 1em; margin-right: 1em;\"><img loading=\"lazy\" decoding=\"async\" border=\"0\" height=\"400\" src=\"http:\/\/3.bp.blogspot.com\/-J7ylcuP56r0\/T81VEYCTG4I\/AAAAAAAACnA\/X5gQ3584zbY\/s400\/CONTRACAPAp.JPG\" width=\"400\" \/><\/a><\/div>\n<p><span style=\"font-family: 'Times New Roman'; font-size: 12pt;\">E aqui est\u00e1 a vig\u00e9sima-quarta edi\u00e7\u00e3o do meu, do seu, do nosso Grand Record Brazil, apresentando a segunda parte da antologia dedicada aos Vocalistas Tropicais, de cuja trajet\u00f3ria e carreira voc\u00eas j\u00e1 tomaram conhecimento na edi\u00e7\u00e3o anterior. Come\u00e7ando a sele\u00e7\u00e3o desta semana, ainda pela Odeon, temos o samba \u201cEster\u201d, de Haroldo Lobo e M\u00edlton de Oliveira, grava\u00e7\u00e3o de 3 de setembro de 1948, lan\u00e7ada em novembro seguinte com o n\u00famero 12883-A, matriz 8409, certamente visando ao carnaval de 1949, considerado pelos estudiosos um dos mais ricos em mat\u00e9ria de produ\u00e7\u00e3o musical, e foi mesmo. Vem tamb\u00e9m a ser o caso do samba \u201cN\u00e3o vou dizer\u201d, de Jo\u00e3o Corr\u00eaa da Silva e Walter de Oliveira, gravado na \u201cmarca do templo\u201d em 21 de outubro de 1948 e lan\u00e7ado bem em cima da folia, em janeiro de 49, com o n\u00famero 12893-B, matriz 8426, apresentando no lado A o hit \u201cJacarepagu\u00e1\u201d, marchinha de Paquito, Romeu Gentil e Marino Pinto que j\u00e1 revivemos anteriormente nesta s\u00e9rie. Temos em seguida o balanceio \u201cMaricota \u00e9 a tal\u201d, composto por Aleardo Freitas e Dan\u00fabio, em grava\u00e7\u00e3o de 16 de dezembro de 1948, e prudentemente lan\u00e7ado em mar\u00e7o de 49 com o n\u00famero 12925-B, matriz 8469. Logo depois, uma regrava\u00e7\u00e3o: a da can\u00e7\u00e3o \u201cMinha terra\u201d, de autoria do paraense Waldemar Henrique, nascido (1905) e falecido (1995) na capital do Par\u00e1, Bel\u00e9m. Originalmente esta m\u00fasica, composta por Waldemar na plenitude de seus 17 anos de idade, foi gravada em 1935 pelo cantor Jorge Fernandes, tamb\u00e9m na Odeon. Em 1946, novo registro, na voz do Rei Francisco Alves e, finalmente, este aqui, com os Vocalistas Tropicais, datado de primeiro de agosto de 1949 e lan\u00e7ado em outubro seguinte com o n\u00famero 12952-A, matriz 8540. E tem mais m\u00fasica de carnaval, com o disco 12963-A, gravado em 30 de setembro de 1949 e lan\u00e7ado ainda em dezembro, visando, claro, \u00e0 folia de 1950. No lado A, matriz 8561, um megahit, a marchinha \u201cDaqui n\u00e3o saio\u201d, de uma dupla colecionadora de \u00eaxitos carnavalescos, Paquito e Romeu Gentil, retratando o problema da moradia, j\u00e1 grave naquela \u00e9poca, quer dizer, mais atual imposs\u00edvel! No verso, matriz 8562, o samba \u201cRemorso\u201d, de Arn\u00f5 Canegal e Amaro do Esp\u00edrito Santo. Tamb\u00e9m de Paquito e Romeu Gentil e para o mesmo carnaval \u00e9 o samba \u201cEla \u00e9 falsa\u201d, gravado pelos Tropicais em 4 de novembro de 1949 com lan\u00e7amento em janeiro de 50 sob n\u00famero 12979-A, matriz 8579. A faixa seguinte \u00e9 \u201cBeb\u00ea\u201d, vers\u00e3o do especialista Haroldo Barbosa para o fox \u201cBaby face\u201d, dos americanos Harry Akst e Benny Davis, composto em 1926 e lan\u00e7ado nesse mesmo ano pelo bandleader Jan Garber, sendo depois registrado por in\u00fameros outros artistas, entre eles Al Jolson e Bobby Darin. Os Vocalistas Tropicais gravaram esta vers\u00e3o na Odeon em 16 de dezembro de 1949, com lan\u00e7amento em mar\u00e7o de 50, disco 12989-A, matriz 8607 (o curioso \u00e9 que h\u00e1 uma outra vers\u00e3o, de Fred Jorge, gravada em 1961 por Elis Regina em seu primeiro LP, \u201cViva a brotol\u00e2ndia\u201d). A faixa seguinte, \u201cIlha dos amores\u201d, samba de Waldemar Silva e Marino Pinto, foi gravada em 13 de junho de 1949, mas a Odeon a p\u00f4s na \u201cgeladeira\u201d por quase um ano, sendo lan\u00e7ada somente em maio de 1950 com o n\u00famero 13005-A, matriz 8518. Le\u00f4nidas da Silva (Rio de Janeiro, 1913-Cotia, SP, 2004), um dos maiores jogadores de futebol de seu tempo, artilheiro da Copa do Mundo de 1938 (7 gols) e criador da pirueta conhecida como \u201cbicicleta\u201d, \u00e9 homenageado em seguida com o samba de Marino Pinto e David Nasser muito apropriadamente intitulado \u201cDiamante Negro\u201d, apelido dado pelo jornalista franc\u00eas Raymond Thourmagem, da revista \u201cParis Match\u201d, que tamb\u00e9m deu a Le\u00f4nidas o apelido de \u201chomem-borracha\u201d, por sua elasticidade (em sua homenagem, a Lacta lan\u00e7ou o chocolate Diamante Negro, que existe at\u00e9 hoje). Grava\u00e7\u00e3o Odeon de 20 de mar\u00e7o de 1950, lan\u00e7ada em julho seguinte com o n\u00famero 13024-A, matriz 8655. Em seguida, o samba \u201cDesculpa\u201d, de Waldemar Gomes, grava\u00e7\u00e3o de 3 de julho de 1950, lan\u00e7ada em setembro seguinte, disco 13042-B, matriz 8719. E encerramos esta segunda parte no maior alto astral, com a \u201cMarcha da vizinhan\u00e7a\u201d, dos ent\u00e3o \u201chitmakers\u201d carnavalescos Paquito e Romeu Gentil,visando \u00e0 folia de 1951, lan\u00e7ada em janeiro desse ano com o n\u00famero 13081-A, e gravada ainda em 6 de setembro de 50, matriz 8791 (nessa \u00e9poca eles tamb\u00e9m lan\u00e7aram o cl\u00e1ssico \u201cTomara que chova\u201d, da mesma dupla, j\u00e1 revivido anteriormente em nossa s\u00e9rie). Como os leitores-ouvintes j\u00e1 perceberam, todas estas grava\u00e7\u00f5es sa\u00edram pela Odeon, onde os Vocalistas Tropicais ficariam at\u00e9 1954, quando se transferiram para a Continental. Assim, o GRB apresentou, somando-se estas duas partes, 23 fonogramas do grupo vocal nordestino para a \u201cmarca do templo\u201d, al\u00e9m de \u201cJacarepagu\u00e1\u201d e \u201cTomara que chova\u201d, j\u00e1 anteriormente apresentadas, perfazendo um total de 25 grava\u00e7\u00f5es deles no nosso GRB. Creio que em, todos eles, est\u00e1 o que existe de mais representativo e hist\u00f3rico dos Vocalistas Tropicais na Odeon. Ou\u00e7a e recorde com carinho!<\/span><br \/><span style=\"font-family: 'Times New Roman'; font-size: 12pt;\"><br \/><\/span><br \/><span style=\"font-family: 'Times New Roman';\"><span style=\"font-size: xx-small;\">*TEXTO DE SAMUEL MACHADO FILHO\u00a0<\/span><\/span><\/p>\n","protected":false},"excerpt":{"rendered":"<p>E aqui est\u00e1 a vig\u00e9sima-quarta edi\u00e7\u00e3o do meu, do seu, do nosso Grand Record Brazil, apresentando a segunda parte da antologia dedicada aos Vocalistas Tropicais, de cuja trajet\u00f3ria e carreira voc\u00eas j\u00e1 tomaram conhecimento na edi\u00e7\u00e3o anterior. Come\u00e7ando a sele\u00e7\u00e3o &hellip; <a href=\"https:\/\/www.toque-musicall.com\/?p=43\">Continue lendo <span class=\"meta-nav\">&rarr;<\/span><\/a><\/p>\n","protected":false},"author":1,"featured_media":0,"comment_status":"open","ping_status":"closed","sticky":false,"template":"","format":"standard","meta":{"footnotes":""},"categories":[13,29],"tags":[],"class_list":["post-43","post","type-post","status-publish","format-standard","hentry","category-selo-grand-record-brazil","category-vocalistas-tropicais"],"_links":{"self":[{"href":"https:\/\/www.toque-musicall.com\/index.php?rest_route=\/wp\/v2\/posts\/43","targetHints":{"allow":["GET"]}}],"collection":[{"href":"https:\/\/www.toque-musicall.com\/index.php?rest_route=\/wp\/v2\/posts"}],"about":[{"href":"https:\/\/www.toque-musicall.com\/index.php?rest_route=\/wp\/v2\/types\/post"}],"author":[{"embeddable":true,"href":"https:\/\/www.toque-musicall.com\/index.php?rest_route=\/wp\/v2\/users\/1"}],"replies":[{"embeddable":true,"href":"https:\/\/www.toque-musicall.com\/index.php?rest_route=%2Fwp%2Fv2%2Fcomments&post=43"}],"version-history":[{"count":0,"href":"https:\/\/www.toque-musicall.com\/index.php?rest_route=\/wp\/v2\/posts\/43\/revisions"}],"wp:attachment":[{"href":"https:\/\/www.toque-musicall.com\/index.php?rest_route=%2Fwp%2Fv2%2Fmedia&parent=43"}],"wp:term":[{"taxonomy":"category","embeddable":true,"href":"https:\/\/www.toque-musicall.com\/index.php?rest_route=%2Fwp%2Fv2%2Fcategories&post=43"},{"taxonomy":"post_tag","embeddable":true,"href":"https:\/\/www.toque-musicall.com\/index.php?rest_route=%2Fwp%2Fv2%2Ftags&post=43"}],"curies":[{"name":"wp","href":"https:\/\/api.w.org\/{rel}","templated":true}]}}