{"id":430,"date":"2011-06-14T19:10:00","date_gmt":"2011-06-14T19:10:00","guid":{"rendered":"http:\/\/www.toque-musicall.com\/?p=430"},"modified":"2011-06-14T19:10:00","modified_gmt":"2011-06-14T19:10:00","slug":"del-norman-mais-uma-vez-adeus-1962","status":"publish","type":"post","link":"https:\/\/www.toque-musicall.com\/?p=430","title":{"rendered":"Del Norman &#8211; Mais Uma Vez Adeus (1962)"},"content":{"rendered":"<div style=\"clear: both; text-align: center;\"><a href=\"http:\/\/4.bp.blogspot.com\/-5lofO7cw-Nw\/TfdQxJ1qdII\/AAAAAAAAIHA\/aD4iCm3v3w8\/s1600\/del+norman+P.JPG\" style=\"margin-left: 1em; margin-right: 1em;\"><img loading=\"lazy\" decoding=\"async\" border=\"0\" height=\"400\" src=\"http:\/\/4.bp.blogspot.com\/-5lofO7cw-Nw\/TfdQxJ1qdII\/AAAAAAAAIHA\/aD4iCm3v3w8\/s400\/del+norman+P.JPG\" width=\"400\" \/><\/a><\/div>\n<div style=\"clear: both; text-align: left;\">Ol\u00e1 amigos cultos e ocultos! A postagem de hoje \u00e9 dedicada aos nossos &#8216;universit\u00e1rios&#8217; (como dizia o Silvio Santos), aos pesquisadores e demais curiosos, como eu. Estou trazendo aqui mais um daqueles discos onde o artista muda de nome. Onde o pseud\u00f4nimo se torna uma alternativa para que ele possa atuar por outra gravadora. Este \u00e9 um assunto j\u00e1 bem comentado e at\u00e9 o nosso amigo Zeca Loronix j\u00e1 listou numa pesquisa v\u00e1rios desses casos que a gente conhece ou desconhecia. Mesmo na rela\u00e7\u00e3o detalhada criada por ele eu n\u00e3o vi nenhuma refer\u00eancia ao &#8220;Del Norman&#8221;, que com toda a certeza era um pseud\u00f4nimo para algum dos nossos m\u00fasicos int\u00e9rpretes. No caso aqui, Del Norman toca teclado, piano, org\u00e3o, solovox&#8230; Eu, sinceramente, n\u00e3o me arriscaria em dizer que \u00e9 o Waldir Calmon ou o Ed Lincoln. Ou ainda o Armando ou o Ubirajara. Algu\u00e9m a\u00ed sabe quem \u00e9 Del Norman? Eis a\u00ed uma inc\u00f3gnita a ser revelada.<\/div>\n<div style=\"clear: both; text-align: left;\"> &#8220;Mais uma vez adeus&#8221; foi lan\u00e7ado pelo selo Musicolor, possivelmente em 1962, a tomar pelo seu repert\u00f3rio. A m\u00fasica que d\u00e1 nome ao disco \u00e9 uma vers\u00e3o da trilha original do filme &#8220;Goodbye again&#8221;, de 61. As demais s\u00e3o tamb\u00e9m m\u00fasicas da \u00e9poca, entre sambas, boleros, fox e cha cha cha. Um interessante disco orquestral com algumas pitadas vocal, mas totalmente obscuro. Vamos ouvir e investigar? Quem descobri quem era Del Norman ganha um doce \ud83d\ude09 Pelo que verifiquei, com este mesmo nome ele gravou um primeiro lp em 1960.<\/div>\n<div style=\"clear: both; text-align: left;\"><\/div>\n<div style=\"clear: both; text-align: center;\">mais uma vez adeus<\/div>\n<div style=\"clear: both; text-align: center;\">rosa de maio<\/div>\n<div style=\"clear: both; text-align: center;\">inveja<\/div>\n<div style=\"clear: both; text-align: center;\">escandalo<\/div>\n<div style=\"clear: both; text-align: center;\">dia de pierrot<\/div>\n<div style=\"clear: both; text-align: center;\">ju\u00edzo final<\/div>\n<div style=\"clear: both; text-align: center;\">aconteceu<\/div>\n<div style=\"clear: both; text-align: center;\">deus o mundo e voc\u00ea<\/div>\n<div style=\"clear: both; text-align: center;\">um dia vir\u00e1<\/div>\n<div style=\"clear: both; text-align: center;\">casa vazia<\/div>\n<div style=\"clear: both; text-align: center;\">pepito<\/div>\n<div style=\"clear: both; text-align: center;\">legato a un granello di sabbia<\/div>\n<div style=\"clear: both; text-align: left;\"><\/div>\n","protected":false},"excerpt":{"rendered":"<p>Ol\u00e1 amigos cultos e ocultos! A postagem de hoje \u00e9 dedicada aos nossos &#8216;universit\u00e1rios&#8217; (como dizia o Silvio Santos), aos pesquisadores e demais curiosos, como eu. Estou trazendo aqui mais um daqueles discos onde o artista muda de nome. Onde &hellip; <a href=\"https:\/\/www.toque-musicall.com\/?p=430\">Continue lendo <span class=\"meta-nav\">&rarr;<\/span><\/a><\/p>\n","protected":false},"author":1,"featured_media":0,"comment_status":"open","ping_status":"closed","sticky":false,"template":"","format":"standard","meta":{"footnotes":""},"categories":[683,83],"tags":[],"class_list":["post-430","post","type-post","status-publish","format-standard","hentry","category-del-norman-com-orquestra","category-selo-musicolor"],"_links":{"self":[{"href":"https:\/\/www.toque-musicall.com\/index.php?rest_route=\/wp\/v2\/posts\/430","targetHints":{"allow":["GET"]}}],"collection":[{"href":"https:\/\/www.toque-musicall.com\/index.php?rest_route=\/wp\/v2\/posts"}],"about":[{"href":"https:\/\/www.toque-musicall.com\/index.php?rest_route=\/wp\/v2\/types\/post"}],"author":[{"embeddable":true,"href":"https:\/\/www.toque-musicall.com\/index.php?rest_route=\/wp\/v2\/users\/1"}],"replies":[{"embeddable":true,"href":"https:\/\/www.toque-musicall.com\/index.php?rest_route=%2Fwp%2Fv2%2Fcomments&post=430"}],"version-history":[{"count":0,"href":"https:\/\/www.toque-musicall.com\/index.php?rest_route=\/wp\/v2\/posts\/430\/revisions"}],"wp:attachment":[{"href":"https:\/\/www.toque-musicall.com\/index.php?rest_route=%2Fwp%2Fv2%2Fmedia&parent=430"}],"wp:term":[{"taxonomy":"category","embeddable":true,"href":"https:\/\/www.toque-musicall.com\/index.php?rest_route=%2Fwp%2Fv2%2Fcategories&post=430"},{"taxonomy":"post_tag","embeddable":true,"href":"https:\/\/www.toque-musicall.com\/index.php?rest_route=%2Fwp%2Fv2%2Ftags&post=430"}],"curies":[{"name":"wp","href":"https:\/\/api.w.org\/{rel}","templated":true}]}}