{"id":4308,"date":"2014-07-06T21:44:19","date_gmt":"2014-07-07T00:44:19","guid":{"rendered":"http:\/\/www.toque-musicall.com\/?p=4308"},"modified":"2014-07-06T21:45:29","modified_gmt":"2014-07-07T00:45:29","slug":"emilinha-borba-forca-positiva-1981","status":"publish","type":"post","link":"https:\/\/www.toque-musicall.com\/?p=4308","title":{"rendered":"Emilinha Borba &#8211; For\u00e7a Positiva (1981)"},"content":{"rendered":"<p><img loading=\"lazy\" decoding=\"async\" class=\"aligncenter\" alt=\"\" src=\"http:\/\/1.bp.blogspot.com\/-V52sQ1W-Yi8\/U7ngtk9-3sI\/AAAAAAAAJSo\/EM-qviK7AxQ\/s1600\/capap.JPG\" width=\"1000\" height=\"991\" \/><img loading=\"lazy\" decoding=\"async\" class=\"aligncenter\" alt=\"\" src=\"http:\/\/3.bp.blogspot.com\/-yDliYqjOOz0\/U7ngzpyqtrI\/AAAAAAAAJSw\/FepWa5j7JnQ\/s1600\/contrap.JPG\" width=\"1000\" height=\"1000\" \/>Ol\u00e1, meus caros amigos cultos e ocultos! Depois de sete anos nessa batalha &#8216;blogmusical&#8217;, eu vou dizer uma coisa: ando num des\u00e2nimo que voc\u00eas n\u00e3o fazem ideia. Sei que uma das raz\u00f5es dessa minha &#8216;broxada&#8217; tem a ver com a interatividade que por aqui j\u00e1 n\u00e3o existe. Mas no fundo, a culpa \u00e9 minha mesmo. Sou eu quem deveria estar instigando voc\u00eas atrav\u00e9s de mais postagens, mais envolvimento e conte\u00fado&#8230; por\u00e9m, est\u00e1 me faltando \u00e2nimo (e tempo que anda cada vez mais curto). Mesmo assim, vamos l\u00e1, no pingado&#8230;<br \/>\nTenho hoje para voc\u00eas este \u00e1lbum da Emilinha Borba. Um disco lan\u00e7ado por ela pr\u00f3pria, de forma independente, no in\u00edcio dos anos 80. Naquela \u00e9poca v\u00e1rios artistas, sem encontrar espa\u00e7o nas grandes e tradicionais gravadoras, partiram para os lan\u00e7amentos independentes. Nessa empreitada muitos deles acabavam se enveredando tamb\u00e9m para o trabalho de produ\u00e7\u00e3o a ponto de criarem suas pr\u00f3prias empresas. Emilinha foi uma dessas. Investiu na produ\u00e7\u00e3o criando a Discos EPA (Emilinha Produ\u00e7\u00f5es Art\u00edsticas). Lan\u00e7ou assim, &#8220;For\u00e7a Positiva&#8221;, um lp feito na cara e na coragem, somente com m\u00fasicas ent\u00e3o in\u00e9ditas. Um repert\u00f3rio variado contemplando velhas e novas paix\u00f5es, ou por outra, antigos e novos compositores. Embora muito bem assistida em todos os aspectos dessa produ\u00e7\u00e3o, achei meio pobre alguns arranjos. A economia de uma orquestra faz uma falta danada para uma cantora do quilate de Emilinh<a href=\"http:\/\/depositfiles.org\/files\/it4k31trh\" target=\"_blank\">a<\/a>.<\/p>\n<div style=\"text-align: center;\">meu cheiro<\/div>\n<div style=\"text-align: center;\">poema da alma<\/div>\n<div style=\"text-align: center;\">dona do ar (brinco de ouro)<\/div>\n<div style=\"text-align: center;\">meu amor n\u00e3o envelhece<\/div>\n<div style=\"text-align: center;\">voltaste<\/div>\n<div style=\"text-align: center;\">o her\u00f3i da noite<\/div>\n<div style=\"text-align: center;\">amante amigo<\/div>\n<div style=\"text-align: center;\">eu vou at\u00e9 amanh\u00e3<\/div>\n<div style=\"text-align: center;\">sinuca de bico<\/div>\n<div style=\"text-align: center;\">o milagre da luz<\/div>\n<div style=\"text-align: center;\">meu dinheiro n\u00e3o \u00e9 borracha<\/div>\n<div style=\"text-align: center;\">ningu\u00e9m fica pra semente<\/div>\n<div style=\"text-align: center;\"><\/div>\n<div style=\"text-align: center;\">.<\/div>\n<div><\/div>\n","protected":false},"excerpt":{"rendered":"<p>Ol\u00e1, meus caros amigos cultos e ocultos! Depois de sete anos nessa batalha &#8216;blogmusical&#8217;, eu vou dizer uma coisa: ando num des\u00e2nimo que voc\u00eas n\u00e3o fazem ideia. Sei que uma das raz\u00f5es dessa minha &#8216;broxada&#8217; tem a ver com a &hellip; <a href=\"https:\/\/www.toque-musicall.com\/?p=4308\">Continue lendo <span class=\"meta-nav\">&rarr;<\/span><\/a><\/p>\n","protected":false},"author":1,"featured_media":0,"comment_status":"open","ping_status":"closed","sticky":false,"template":"","format":"standard","meta":{"footnotes":""},"categories":[725,25],"tags":[],"class_list":["post-4308","post","type-post","status-publish","format-standard","hentry","category-emilinha-borba","category-selo-independente"],"_links":{"self":[{"href":"https:\/\/www.toque-musicall.com\/index.php?rest_route=\/wp\/v2\/posts\/4308","targetHints":{"allow":["GET"]}}],"collection":[{"href":"https:\/\/www.toque-musicall.com\/index.php?rest_route=\/wp\/v2\/posts"}],"about":[{"href":"https:\/\/www.toque-musicall.com\/index.php?rest_route=\/wp\/v2\/types\/post"}],"author":[{"embeddable":true,"href":"https:\/\/www.toque-musicall.com\/index.php?rest_route=\/wp\/v2\/users\/1"}],"replies":[{"embeddable":true,"href":"https:\/\/www.toque-musicall.com\/index.php?rest_route=%2Fwp%2Fv2%2Fcomments&post=4308"}],"version-history":[{"count":1,"href":"https:\/\/www.toque-musicall.com\/index.php?rest_route=\/wp\/v2\/posts\/4308\/revisions"}],"predecessor-version":[{"id":4309,"href":"https:\/\/www.toque-musicall.com\/index.php?rest_route=\/wp\/v2\/posts\/4308\/revisions\/4309"}],"wp:attachment":[{"href":"https:\/\/www.toque-musicall.com\/index.php?rest_route=%2Fwp%2Fv2%2Fmedia&parent=4308"}],"wp:term":[{"taxonomy":"category","embeddable":true,"href":"https:\/\/www.toque-musicall.com\/index.php?rest_route=%2Fwp%2Fv2%2Fcategories&post=4308"},{"taxonomy":"post_tag","embeddable":true,"href":"https:\/\/www.toque-musicall.com\/index.php?rest_route=%2Fwp%2Fv2%2Ftags&post=4308"}],"curies":[{"name":"wp","href":"https:\/\/api.w.org\/{rel}","templated":true}]}}