{"id":431,"date":"2011-06-13T11:55:00","date_gmt":"2011-06-13T11:55:00","guid":{"rendered":"http:\/\/www.toque-musicall.com\/?p=431"},"modified":"2011-06-13T11:55:00","modified_gmt":"2011-06-13T11:55:00","slug":"ze-trindade-quadrilha-na-roca-1958","status":"publish","type":"post","link":"https:\/\/www.toque-musicall.com\/?p=431","title":{"rendered":"Z\u00e9 Trindade &#8211; Quadrilha Na Ro\u00e7a (1958)"},"content":{"rendered":"<div style=\"clear: both; text-align: center;\"><a href=\"http:\/\/1.bp.blogspot.com\/-66NvO35ZRrQ\/TfXnpa1S2EI\/AAAAAAAAIGo\/UWk1cKH28GQ\/s1600\/ze+P.JPG\" style=\"margin-left: 1em; margin-right: 1em;\"><img loading=\"lazy\" decoding=\"async\" border=\"0\" height=\"396\" src=\"http:\/\/1.bp.blogspot.com\/-66NvO35ZRrQ\/TfXnpa1S2EI\/AAAAAAAAIGo\/UWk1cKH28GQ\/s400\/ze+P.JPG\" width=\"400\" \/><\/a><\/div>\n<p>Amigos cultos e ocultos, cheguei!<br \/>Como a semana foi meio confusa para mim, al\u00e9m do anivers\u00e1rio do Jo\u00e3o Gilberto, o Dia dos Namorados&#8230; quase me esqueci de postar aqui mais um disco de festa junina. Ali\u00e1s um \u00f3timo disco para se colocar em festas, as poucas tradicionais que ainda existem pelo Brasil.<br \/>Ano passado eu cheguei a ir numa grande festa junina, mas estava t\u00e3o descaracterizada que de junina s\u00f3 tinha mesmo o m\u00eas. Bandeirolas e bal\u00f5es de pl\u00e1stico industrializados, garotos vestidos de &#8216;cowboy&#8217;, barraquinhas vendendo pizza e bolinho de feij\u00e3o, tudo isso eu aceitei. Mas foi o fim da picada quando percebi que a m\u00fasica tocada, por dois marmotas, era aquela sertanejo brega. Meu Deus! Nos intervalos, pelas caixas de som s\u00f3 saiu (desculpem a express\u00e3o) merda, ou coisas sem a menor sintonia com o clima. Tinha de Restart \u00e0 Ivete Sangalo (o\u00ed gente!), uma verdadeira caricatura da caricatura de uma festa de S\u00e3o Jo\u00e3o. E n\u00e3o tinha fogueira&#8230; Seria t\u00e3o bom se os organizadores dessas festas fossem um pouco mais tradicionais, afinal a ideia da festa \u00e9 essa mesma, manter as tradi\u00e7\u00f5es, ou pelo menos relembr\u00e1-las. No que depender de boa m\u00fasica, bons momentos para uma festa, aqui no Toque Musical tem para dar e compartilhar \ud83d\ude09<br \/>Um bom disco e que eu recomendo para a ocasi\u00e3o \u00e9 este aqui do Z\u00e9 Trindade. Lan\u00e7ado pela Columbia em 1958, o lp re\u00fane faixas gravadas pelo humorista em discos de 78 rpm, durante os anos de 56 e 57, acrescentando tamb\u00e9m novas grava\u00e7\u00f5es que completam o \u00e1lbum de 10 polegadas.<br \/>Talvez, muita gente hoje em dia n\u00e3o se lembre ou n\u00e3o sabe quem foi o Z\u00e9 Trindade. Ator, humorista, poeta&#8230; um tipo realmente muito divertido. Me lembro de t\u00ea-lo visto pela \u00faltima vez no cinema fazendo uma ponta no filme &#8220;Um trem para as estrelas&#8221;, de Cac\u00e1 Diegues.\u00a0Na contracapa h\u00e1 um texto de apresenta\u00e7\u00e3o do artista feito pelo Chico An\u00edsio. Confiram aqui, completo e na melhor qualidade \ud83d\ude09<\/p>\n<div style=\"text-align: center;\">quadrilha na ro\u00e7a<\/div>\n<div style=\"text-align: center;\">bandinha do man\u00e9<\/div>\n<div style=\"text-align: center;\">quadrilha no escuro<\/div>\n<div style=\"text-align: center;\">taca fogo<\/div>\n<div style=\"text-align: center;\">quadrilha para ingl\u00eas ver<\/div>\n<div style=\"text-align: center;\">s\u00e3o jo\u00e3o na vila<\/div>\n<div style=\"text-align: center;\">festan\u00e7a boa<\/div>\n<div style=\"text-align: center;\">fogueira de s\u00e3o jo\u00e3o<\/p>\n<div style=\"text-align: left;\">* a Ivete Sangalo entrou na hist\u00f3ria apenas porque realmente estava tocando, n\u00e3o tenho nada contra a m\u00fasica dela, na verdade nem conhe\u00e7o direito. A \u00fanica coisa que sei \u00e9 que ela tem um vozer\u00e3o e \u00e9 uma gata \ud83d\ude09\u00a0<\/div>\n<\/div>\n","protected":false},"excerpt":{"rendered":"<p>Amigos cultos e ocultos, cheguei!Como a semana foi meio confusa para mim, al\u00e9m do anivers\u00e1rio do Jo\u00e3o Gilberto, o Dia dos Namorados&#8230; quase me esqueci de postar aqui mais um disco de festa junina. Ali\u00e1s um \u00f3timo disco para se &hellip; <a href=\"https:\/\/www.toque-musicall.com\/?p=431\">Continue lendo <span class=\"meta-nav\">&rarr;<\/span><\/a><\/p>\n","protected":false},"author":1,"featured_media":0,"comment_status":"open","ping_status":"closed","sticky":false,"template":"","format":"standard","meta":{"footnotes":""},"categories":[269,684],"tags":[],"class_list":["post-431","post","type-post","status-publish","format-standard","hentry","category-selo-columbia","category-ze-trindade"],"_links":{"self":[{"href":"https:\/\/www.toque-musicall.com\/index.php?rest_route=\/wp\/v2\/posts\/431","targetHints":{"allow":["GET"]}}],"collection":[{"href":"https:\/\/www.toque-musicall.com\/index.php?rest_route=\/wp\/v2\/posts"}],"about":[{"href":"https:\/\/www.toque-musicall.com\/index.php?rest_route=\/wp\/v2\/types\/post"}],"author":[{"embeddable":true,"href":"https:\/\/www.toque-musicall.com\/index.php?rest_route=\/wp\/v2\/users\/1"}],"replies":[{"embeddable":true,"href":"https:\/\/www.toque-musicall.com\/index.php?rest_route=%2Fwp%2Fv2%2Fcomments&post=431"}],"version-history":[{"count":0,"href":"https:\/\/www.toque-musicall.com\/index.php?rest_route=\/wp\/v2\/posts\/431\/revisions"}],"wp:attachment":[{"href":"https:\/\/www.toque-musicall.com\/index.php?rest_route=%2Fwp%2Fv2%2Fmedia&parent=431"}],"wp:term":[{"taxonomy":"category","embeddable":true,"href":"https:\/\/www.toque-musicall.com\/index.php?rest_route=%2Fwp%2Fv2%2Fcategories&post=431"},{"taxonomy":"post_tag","embeddable":true,"href":"https:\/\/www.toque-musicall.com\/index.php?rest_route=%2Fwp%2Fv2%2Ftags&post=431"}],"curies":[{"name":"wp","href":"https:\/\/api.w.org\/{rel}","templated":true}]}}