{"id":4310,"date":"2014-07-09T19:35:30","date_gmt":"2014-07-09T22:35:30","guid":{"rendered":"http:\/\/www.toque-musicall.com\/?p=4310"},"modified":"2014-07-09T19:35:30","modified_gmt":"2014-07-09T22:35:30","slug":"nuno-roland-selecao-78-rpm-do-toque-musical-vol-107-2014","status":"publish","type":"post","link":"https:\/\/www.toque-musicall.com\/?p=4310","title":{"rendered":"Nuno Roland &#8211; Sele\u00e7\u00e3o 78 RPM Do Toque Musical Vol. 107 (2014)"},"content":{"rendered":"<h1 class=\"title entry-title\" itemprop=\"name\"><img loading=\"lazy\" decoding=\"async\" class=\"aligncenter\" alt=\"\" src=\"http:\/\/1.bp.blogspot.com\/-zGQmwTPzPF4\/U728yaSylZI\/AAAAAAAAJYw\/6ydho0uhFNA\/s1600\/CAPAp.JPG\" width=\"1000\" height=\"1000\" \/><img loading=\"lazy\" decoding=\"async\" class=\"aligncenter\" alt=\"\" src=\"http:\/\/4.bp.blogspot.com\/-cL_ZKrFK8qI\/U7283ZFvDTI\/AAAAAAAAJY4\/pqmaPr9vVW8\/s1600\/CONTRACAPAp.JPG\" width=\"1000\" height=\"1000\" \/><\/h1>\n<div>A cent\u00e9sima-s\u00e9tima edi\u00e7\u00e3o do Grand Record Brazil \u00e9 dedicada a um dos maiores cantores da era de ouro do r\u00e1dio brasileiro. Estamos falando de Nuno Roland. Nosso focalizado veio ao mundo na cidade de Joinville, Estado de Santa Catarina, no dia primeiro de mar\u00e7o de 1913, batizado com o nome de Reinold Correia de Oliveira. Ainda menino, ele tocava tarol e caixa na banda da cidade de Teixeira Soares, no Paran\u00e1. Aos 13 anos, mudou-se com a fam\u00edlia para outra cidade catarinense, Porto Uni\u00e3o, tendo trabalhado como balconista, telegrafista e banc\u00e1rio. Ap\u00f3s servir o ex\u00e9rcito, em 1931, transferiu-se para a cidade ga\u00facha de Passo Fundo, onde come\u00e7ou sua carreira, conseguindo emprego de cantor e baterista em um cassino, e apresentando-se com seu nome verdadeiro, Reinold de Oliveira. Em 1932, alistou-se como volunt\u00e1rio no S\u00e9timo Batalh\u00e3o de Ca\u00e7adores de Porto Alegre, para entrar em combate na Revolu\u00e7\u00e3o Constitucionalista daquele ano. Veio com sua tropa para S\u00e3o Paulo, e na ocasi\u00e3o fez amizade com outro soldado, ent\u00e3o crooner da jazz band do batalh\u00e3o: nada mais nada menos que Lupic\u00ednio Rodrigues, posteriormente c\u00e9lebre compositor. Encerrada a Revolu\u00e7\u00e3o, o cantor voltou a Porto Alegre, e, com apenas 19 anos, assinou seu primeiro contrato profissional, com a R\u00e1dio Ga\u00facha, posto ter se destacado como cantor em uma apresenta\u00e7\u00e3o radiof\u00f4nica da jazz band do batalh\u00e3o em que estava lotado. Em 1934, muda-se para S\u00e3o Paulo, onde fez sucesso apresentando-se inicialmente na R\u00e1dio Record (ent\u00e3o \u201ca maior\u201d), recebendo pequenos cach\u00eas. Mais tarde,com o apoio do violonista Garoto, consegue um contrato com a R\u00e1dio Educadora Paulista.\u00a0 E \u00e9 nessa ocasi\u00e3o que passa a adotar o nome art\u00edstico pelo qual ficou conhecido em todo o Brasil: Nuno Roland.\u00a0 Ainda em 1934, grava seu primeiro disco, na Odeon, com duas composi\u00e7\u00f5es de Sivan Castelo Neto (pseud\u00f4nimo de Ulysses Lelot Filho):\u00a0 a valsa \u201cPensemos num lindo futuro\u201d e a can\u00e7\u00e3o \u201cCantigas de quem te v\u00ea\u201d.\u00a0 Dois anos mais tarde, Nuno muda-se para o Rio de Janeiro e torna-se um dos pioneiros da PRE-8, R\u00e1dio Nacional, onde estreia no dia de sua inaugura\u00e7\u00e3o, 12 de setembro de 1936. Durante onze anos foi tamb\u00e9m crooner da orquestra do Copacabana Palace Hotel. \u00a0Em cerca de quarenta anos de carreiro, Nuno Roland gravou ainda nos selos\u00a0 Columbia, Victor, Belacap, Carroussel, Caravelle, Todam\u00e9rica\u00a0 e Continental. Nesta \u00faltima marca, ele viveu a melhor fase de sua carreira, registrando in\u00fameros sucessos, no carnaval e no meio-de-ano. Seu curr\u00edculo tamb\u00e9m inclui duetos com C\u00e1rmen Miranda, Linda Batista e Emilinha Borba. Integrou ainda, juntamente com Albertinho Fortuna e Paulo Tapaj\u00f3s,o Trio Melodia, formado na Nacional para apoio do superprograma \u201cUm milh\u00e3o de melodias\u201d, e as carreiras individuais de seus integrantes prosseguiriam sem quaisquer problemas. As participa\u00e7\u00f5es de Nuno nos programas musicais da emissora da Pra\u00e7a Mau\u00e1 eram consideradas de alta qualidade art\u00edstica. Sua atividade art\u00edstica declinou na d\u00e9cada de 1960, gravando esporadicamente nesse per\u00edodo. Em 1968, participou, ao lado de Marlene e Blecaute, do espet\u00e1culo \u201cCarnav\u00e1lia\u201d, que ficou em cartaz no Rio por quase um ano.\u00a0 Nuno Roland faleceu em 20 de dezembro de 1975, tamb\u00e9m no Rio, aos 62 anos. De sua gloriosa trajet\u00f3ria fonogr\u00e1fica, o GRB foi buscar dezoito faixas, not\u00e1veis exemplos de sua arte, assinadas por alguns de nossos maiores compositores populares.\u00a0 Pedro Caetano, por exemplo, assina a faixa de abertura, \u201cGuarapari\u201d, c\u00e9lebre can\u00e7\u00e3o que homenageia a cidade do litoral do Esp\u00edrito Santo famosa pelas suas praias com areias monaz\u00edticas. Nuno Roland a imortalizou na Todam\u00e9rica em 8 de mar\u00e7o de 1951, com lan\u00e7amento em abril seguinte sob n.o TA-5053-B, matriz TA-102.\u00a0 A faixa seguinte \u00e9 um cl\u00e1ssico imortal do carnaval brasileiro: a marchinha \u201cPirata da perna de pau\u201d, uma das mais expressivas contribui\u00e7\u00f5es do grande Jo\u00e3o de Barro, o Braguinha, para o repert\u00f3rio momesco , ali\u00e1s Nuno Roland\u00a0 foi um dos melhores int\u00e9rpretes do compositor. Imortalizada por ele na Continental em 3 de setembro de 1946, com lan\u00e7amento em novembro seguinte sob n.o 15727-A,matriz 1591, \u201cPirata da perna de pau\u201d foi merecido sucesso no carnaval de 47, sendo lembrada at\u00e9 hoje com muita, muita justi\u00e7a. \u201cCai, sereno\u201d, a faixa 3,\u00e9 um batuque assinado por outro mestre, Assis Valente: \u201cCai, sereno\u201d, que Nuno registrou na Odeon em 18 de maio de 1939, com lan\u00e7amento em julho do mesmo ano, disco 11734-A, matriz 6094. O samba \u201cCovardia\u201d, que encontraremos logo em seguida, \u00e9 de uma dupla \u201cbraba\u201d, Ataulfo Alves e M\u00e1rio Lago. Foi, ali\u00e1s,o primeiro trabalho conjunto deles, de uma s\u00e9rie de oito, entre eles os cl\u00e1ssicos \u201cAi, que saudade da Am\u00e9lia\u201d e \u201cAtire a primeira pedra\u201d. Nuno gravou \u201cCovardia\u201d,tamb\u00e9m na Odeon, em 16 de agosto de 1938, com lan\u00e7amento em outubro seguinte sob n.o 11646-B, matriz 5903. E quem nunca entoou aquela famosa m\u00fasica do \u201cLobo mau\u201d (\u201cEu sou o lobo mau, lobo mau,lobo mau\u201d&#8230;), da hist\u00f3ria de Chapeuzinho Vermelho, t\u00e3o bem adaptada e musicada por Braguinha? Pois ele a reaproveita, junto com Ant\u00f4nio Almeida, na faixa 5, como marchinha para o carnaval de 1951, que Nuno Roland, \u00e0 frente do j\u00e1 citado Trio Melodia, lan\u00e7ar\u00e1 na Continental em janeiro desse ano, disco 16344-A, matriz 2475. Outro presente de Ataulfo Alves para Nuno, agora tendo Jorge Faraj na parceria, \u00e9 essa joia de valsa, \u201cMil cora\u00e7\u00f5es\u201d, que o cantor grava na Odeon em\u00a0 28 de mar\u00e7o de 1938,com lan\u00e7amento em julho do mesmo ano, disco 11603-A,matriz 5747. O beguine \u201cBallerina\u201d, de Carl Sigman e Bob Russell, foi publicado nos EUA em 1947, tendo merecido grava\u00e7\u00f5es por Nat King Cole e Bing Crosby, entre outros.\u00a0 Dois anos mais tarde, Oswaldo Santiago escreve a letra brasileira, com o t\u00edtulo de \u201cBailarina\u201d mesmo, para Nuno Roland gravar na Continental, com lan\u00e7amento entre julho e setembro de 1949,sob n.o 16087-A, matriz 2102. Raridade absoluta \u00e9 tamb\u00e9m o samba \u00a0\u201cDia dos meninos\u201d,\u00a0 da parceria Wilson Batista-Jorge de Castro, provavelmente gravado por Nuno Roland em 1960, numa etiqueta de curta dura\u00e7\u00e3o, a Popular, tendo o disco recebido o n\u00famero 0011-A,matriz DPM-21. \u201cPeixe vivo\u201d, motivo do folclore mineiro, e por sinal a m\u00fasica favorita de Juscelino Kubitschek de Oliveira, pol\u00edtico nascido em Diamantina que chegou \u00e0 presid\u00eancia da Rep\u00fablica (governou de 1956 a 1961), \u00e9 aqui apresentada por Nuno Roland em tempo de bai\u00e3o, ritmo ent\u00e3o na moda, num arranjo de Ant\u00f4nio Almeida. Grava\u00e7\u00e3o Todam\u00e9rica de 26 de junho de 1951, lan\u00e7ada em agosto seguinte com o n\u00famero TA-5084-A, matriz TA-169. A dupla Alceb\u00edades \u201cBide\u201d Barcellos-Armando Mar\u00e7al , respons\u00e1vel por cl\u00e1ssicos como \u201cAgora \u00e9 cinza\u201d, \u201cAndo sofrendo\u201d e \u201cBar\u00e3o das cabrochas\u201d, aqui comparece com o samba \u201cPerd\u00e3o, meu bem\u201d, que Nuno Roland grava na Odeon em 3 de novembro de 1939 para o carnaval de 40, sendo lan\u00e7ado um m\u00eas antes da folia, em janeiro, com o n\u00famero 11807-B, matriz 6245. O famoso tango \u201cPor ti eu me rasgo todo (Por vos yo me rompo todo)\u201d, do uruguaio Francisco Canaro\u00a0 (que, a exemplo do franc\u00eas Carlos Gardel, fez carreira na Argentina), ganha aqui uma vers\u00e3o em ritmo de samba, com letra brazuca de C\u00e9sar Siqueira, que Nuno Roland ir\u00e1 registrar tamb\u00e9m na Odeon em 5 de setembro de 1939, indo para as lojas em novembro com o n.o 11781-A,matriz 6191. Em seguida, por interm\u00e9dio de Luiz Bittencourt e Murilo Caldas (irm\u00e3o de S\u00edlvio), Nuno Roland pergunta em ritmo de samba: \u201cQuem\u00a0 \u00e9 que est\u00e1 com a raz\u00e3o?\u201d Gravado na Continental em 3 de setembro de 1946, permaneceu, no entanto, quase um ano na gaveta, e s\u00f3 saiu em julho de 47 sob n.o 15787-A, matriz 1590. O samba do lado B, que vem logo em seguida, foi gravado em 2 de maio de 1947, matriz 1655, \u00e9 mais um cl\u00e1ssico imortal de Braguinha, aqui com seu insepar\u00e1vel parceiro Alberto Ribeiro: o bel\u00edssimo \u201cFim de semana em Paquet\u00e1\u201d, sob medida para a not\u00e1vel interpreta\u00e7\u00e3o de Nuno Roland, devidamente acompanhado pela orquestra de cordas de Eduardo Patan\u00e9 (a mesma do registro original de \u201cCopacabana\u201d, com Dick Farney). At\u00e9 hoje \u00e9 bastante conhecido e tem in\u00fameras regrava\u00e7\u00f5es. Tamb\u00e9m de Braguinha e Alberto Ribeiro \u00e9 outra antol\u00f3gica marchinha carnavalesca: \u201cTem gato na tuba\u201d, da folia de 1948, que Nuno Roland imortaliza na mesma Continental em 23 de setembro de 47, com lan\u00e7amento ainda em dezembro sob n.o 15843-B, matriz 1727. Vencedora do concurso oficial da prefeitura do Rio de Janeiro, \u201cTem gato na tuba\u201d foi tamb\u00e9m interpretada por Nuno Roland no filme \u201cEsta \u00e9 fina\u201d, e jamais seria esquecida, tendo regrava\u00e7\u00e3o at\u00e9 mesmo pela Turma do Bal\u00e3o M\u00e1gico!\u00a0 Outra raridade \u00e9 \u201cVolta\u201d, samba-can\u00e7\u00e3o de Radam\u00e9s Gnattali e Luiz Bittencourt, que Nuno Roland lan\u00e7a em 1953 no LP coletivo de dez polegadas \u201cShow\u201d, da Musidisc\u00a0 de Nilo S\u00e9rgio, por sinal uma das gravadoras pioneiras do vinil, e que encerrou definitivamente suas atividades em 2013. Braguinha, agora sem parceiro, \u00e9 o respons\u00e1vel por outra imortal p\u00e1gina carnavalesca:\u00a0 a marchinha \u201cSerenata chinesa\u201d, um dos hits da folia de 1949, que Nuno imortaliza na Continental em 13 de outubro de 48 e vai para as lojas um m\u00eas antes do carnaval, em janeiro, com o n\u00famero 15971-A, matriz 1983. Da sant\u00edssima trindade Wilson Batista-Claudionor Cruz-Pedro Caetano \u00e9 o samba \u201cSenhor do Bonfim te enganou\u201d, dueto de Nuno Roland com Dircinha Batista, em grava\u00e7\u00e3o Odeon de 5 de outubro de 1939, s\u00f3 lan\u00e7ada em maio de 40, disco 11834-B, matriz 6240. Para encerrar com chave de ouro, outro grande hit carnavalesco de Jo\u00e3o \u201cBraguinha\u201d de Barro: \u201cTem marujo no samba\u201d, em que Nuno Roland tem a not\u00e1vel companhia da eterna \u201cFavorita\u201d, Emilinha Borba.\u00a0 Um dos hits do carnaval de 1949, por sinal um dos mais ricos musicalmente, foi gravado na Continental em 13 de outubro de 48, com lan\u00e7amento um m\u00eas antes da folia, em janeiro, sob n.o 15980-B, matriz 1994, tendo sido tamb\u00e9m apresentada no filme \u201cEstou a\u00ed?\u201d, de Moacyr Fenelon. N\u00e3o poderia haver melhor fecho para esta brilhante retrospectiva que o GRB dedica a Nuno Roland. Divirtam-se e at\u00e9 a pr\u00f3xim<a href=\"http:\/\/depositfiles.org\/files\/d64s4pycu\" target=\"_blank\">a<\/a>!<\/div>\n<div><\/div>\n<div>Texto de Samuel Machado Filho<\/div>\n","protected":false},"excerpt":{"rendered":"<p>A cent\u00e9sima-s\u00e9tima edi\u00e7\u00e3o do Grand Record Brazil \u00e9 dedicada a um dos maiores cantores da era de ouro do r\u00e1dio brasileiro. Estamos falando de Nuno Roland. Nosso focalizado veio ao mundo na cidade de Joinville, Estado de Santa Catarina, no &hellip; <a href=\"https:\/\/www.toque-musicall.com\/?p=4310\">Continue lendo <span class=\"meta-nav\">&rarr;<\/span><\/a><\/p>\n","protected":false},"author":1,"featured_media":0,"comment_status":"open","ping_status":"closed","sticky":false,"template":"","format":"standard","meta":{"footnotes":""},"categories":[11,144,13],"tags":[],"class_list":["post-4310","post","type-post","status-publish","format-standard","hentry","category-exclusivos-do-toque-musical","category-nuno-roland","category-selo-grand-record-brazil"],"_links":{"self":[{"href":"https:\/\/www.toque-musicall.com\/index.php?rest_route=\/wp\/v2\/posts\/4310","targetHints":{"allow":["GET"]}}],"collection":[{"href":"https:\/\/www.toque-musicall.com\/index.php?rest_route=\/wp\/v2\/posts"}],"about":[{"href":"https:\/\/www.toque-musicall.com\/index.php?rest_route=\/wp\/v2\/types\/post"}],"author":[{"embeddable":true,"href":"https:\/\/www.toque-musicall.com\/index.php?rest_route=\/wp\/v2\/users\/1"}],"replies":[{"embeddable":true,"href":"https:\/\/www.toque-musicall.com\/index.php?rest_route=%2Fwp%2Fv2%2Fcomments&post=4310"}],"version-history":[{"count":1,"href":"https:\/\/www.toque-musicall.com\/index.php?rest_route=\/wp\/v2\/posts\/4310\/revisions"}],"predecessor-version":[{"id":4311,"href":"https:\/\/www.toque-musicall.com\/index.php?rest_route=\/wp\/v2\/posts\/4310\/revisions\/4311"}],"wp:attachment":[{"href":"https:\/\/www.toque-musicall.com\/index.php?rest_route=%2Fwp%2Fv2%2Fmedia&parent=4310"}],"wp:term":[{"taxonomy":"category","embeddable":true,"href":"https:\/\/www.toque-musicall.com\/index.php?rest_route=%2Fwp%2Fv2%2Fcategories&post=4310"},{"taxonomy":"post_tag","embeddable":true,"href":"https:\/\/www.toque-musicall.com\/index.php?rest_route=%2Fwp%2Fv2%2Ftags&post=4310"}],"curies":[{"name":"wp","href":"https:\/\/api.w.org\/{rel}","templated":true}]}}