{"id":4313,"date":"2014-07-10T10:34:21","date_gmt":"2014-07-10T13:34:21","guid":{"rendered":"http:\/\/www.toque-musicall.com\/?p=4313"},"modified":"2014-07-11T07:01:46","modified_gmt":"2014-07-11T10:01:46","slug":"elizeth-cardoso-naturalmente-1959","status":"publish","type":"post","link":"https:\/\/www.toque-musicall.com\/?p=4313","title":{"rendered":"Elizeth Cardoso &#8211; Naturalmente (1959)"},"content":{"rendered":"<p><img loading=\"lazy\" decoding=\"async\" class=\"aligncenter\" alt=\"\" src=\"http:\/\/4.bp.blogspot.com\/-nOV-mgvnt5c\/U78Rl8MxcpI\/AAAAAAAAJaE\/HqZFH9eJb4Q\/s1600\/capa+originalp.JPG\" width=\"1000\" height=\"975\" \/><img loading=\"lazy\" decoding=\"async\" class=\"aligncenter\" alt=\"\" src=\"http:\/\/4.bp.blogspot.com\/-iGhTcc3U-fE\/U78RtC6792I\/AAAAAAAAJaM\/gDfugakzocg\/s1600\/contra+originalp.JPG\" width=\"1600\" height=\"1555\" \/>Ol\u00e1 amigos cultos e ocultos! Uma boa noite para todos! Hoje eu estou atendendo a um pedido especial do &#8216;fr\u00e8re&#8217;, Chris Rousseau, que l\u00e1 de Marselha aguarda ansioso por este toque. Esta \u00e9 na verdade uma recomposi\u00e7\u00e3o de uma velha postagem feita aqui algum tempo atr\u00e1s. Creio que ir\u00e1 agradar a todos, num geral.<br \/>\nTemos aqui a grande Elizeth Cardoso, ou Elizete, como aparece escrito as vezes em seus discos. Temos mais uma vez o \u00e1lbum &#8220;Naturalmente&#8221;, apresentado agora em seu formato original, lan\u00e7ado em 1959, conforme consta no selo do relan\u00e7amento. O \u00e1lbum traz um texto de apresenta\u00e7\u00e3o assinado pela escritora Eneida de Moraes, um nome, por sinal, pouco lembrado nos dias de hoje. Eneida foi uma jornalista e escritora e aparece aqui na foto de contracapa, ao lado da Elizeth Cardoso. &#8220;Naturalmente&#8221; \u00e9 um lp fino, com doze m\u00fasicas escolhidas a dedo. E a dedo tamb\u00e9m deve ter sido a escala\u00e7\u00e3o dos m\u00fasicos que comp\u00f5e o trabalho. N\u00e3o \u00e9 por acaso ele que desperta o interesse de tanta gente, n\u00e3o apenas por conta da cantora, mas tamb\u00e9m pela orquestra e m\u00fasicos que a acompanham. Vou aqui apenas reproduzir o texto da escala\u00e7\u00e3o:Severino Filho \u00e9 o respons\u00e1vel pelos arranjos, neste elep\u00ea. Tamb\u00e9m foi o irm\u00e3o mo\u00e7o de Ismael Netto,o regente da orquestra, que contou com a colabora\u00e7\u00e3o preciosa dos pist\u00f5es Laerte Rezende, Jos\u00e9 Moura, Alberico Moura, Hercule Calastri, dos trombones Edmundo Maciel, Armando Palla, Waldemar Moura e Francisco, dos violinos Nirenberg, Homero, Pascoli, Adolfo, Colaccico, Pinchito, Jorge e Pinheiro, dos viol\u00f3es Cezar e Flinkas, dos celos Guerra e Oliani. Ao piano este Chaim, o bateria foi Paulinho, o contrabaixo Sebasti\u00e3o Marinho, a harpa foi Fumag\u00e1lia, a guitarra Temistocles de Ara\u00fajo, Chuca-Chuca no vibrafone, Nicolino C\u00f3pia na flauta, o obo\u00e9 e corningles foi Hans, o viol\u00e3o foi JO\u00c3OZINHO GILBERTO. Os ritmistas foram Alberto de Souza, Bide, Geraldo Barbosa. No c\u00f4ro de Sereverino Filho as vozes s\u00e3o de Hort\u00eancia, Odal\u00e9a e\u00a0 Ivone, de Altair, badeco Cosme, Quart\u00e9ra e Wald<a href=\"http:\/\/depositfiles.org\/files\/xrthmw42mhttp:\/\/\" target=\"_blank\">ir<\/a>.&#8221;<\/p>\n<div style=\"text-align: center;\">\u00e9 luxo s\u00f3<\/div>\n<div style=\"text-align: center;\">suas m\u00e3os<\/div>\n<div style=\"text-align: center;\">olha-me, diga-me<\/div>\n<div style=\"text-align: center;\">pra\u00e7a 7<\/div>\n<div style=\"text-align: center;\">onde estar\u00e1 meu amor<\/div>\n<div style=\"text-align: center;\">sozinha<\/div>\n<div style=\"text-align: center;\">na cad\u00eancia do samba<\/div>\n<div style=\"text-align: center;\">jogada pelo mundo<\/div>\n<div style=\"text-align: center;\">voc\u00ea voltou<\/div>\n<div style=\"text-align: center;\">pedestal<\/div>\n<div style=\"text-align: center;\">fui procurar distra\u00e7\u00e3o<\/div>\n<div style=\"text-align: center;\">e nada mais<\/div>\n<div style=\"text-align: center;\"><\/div>\n<div style=\"text-align: center;\">.<\/div>\n","protected":false},"excerpt":{"rendered":"<p>Ol\u00e1 amigos cultos e ocultos! Uma boa noite para todos! Hoje eu estou atendendo a um pedido especial do &#8216;fr\u00e8re&#8217;, Chris Rousseau, que l\u00e1 de Marselha aguarda ansioso por este toque. Esta \u00e9 na verdade uma recomposi\u00e7\u00e3o de uma velha &hellip; <a href=\"https:\/\/www.toque-musicall.com\/?p=4313\">Continue lendo <span class=\"meta-nav\">&rarr;<\/span><\/a><\/p>\n","protected":false},"author":1,"featured_media":0,"comment_status":"open","ping_status":"closed","sticky":false,"template":"","format":"standard","meta":{"footnotes":""},"categories":[247,248],"tags":[],"class_list":["post-4313","post","type-post","status-publish","format-standard","hentry","category-elizete-cardoso","category-elizeth-cardoso"],"_links":{"self":[{"href":"https:\/\/www.toque-musicall.com\/index.php?rest_route=\/wp\/v2\/posts\/4313","targetHints":{"allow":["GET"]}}],"collection":[{"href":"https:\/\/www.toque-musicall.com\/index.php?rest_route=\/wp\/v2\/posts"}],"about":[{"href":"https:\/\/www.toque-musicall.com\/index.php?rest_route=\/wp\/v2\/types\/post"}],"author":[{"embeddable":true,"href":"https:\/\/www.toque-musicall.com\/index.php?rest_route=\/wp\/v2\/users\/1"}],"replies":[{"embeddable":true,"href":"https:\/\/www.toque-musicall.com\/index.php?rest_route=%2Fwp%2Fv2%2Fcomments&post=4313"}],"version-history":[{"count":1,"href":"https:\/\/www.toque-musicall.com\/index.php?rest_route=\/wp\/v2\/posts\/4313\/revisions"}],"predecessor-version":[{"id":4314,"href":"https:\/\/www.toque-musicall.com\/index.php?rest_route=\/wp\/v2\/posts\/4313\/revisions\/4314"}],"wp:attachment":[{"href":"https:\/\/www.toque-musicall.com\/index.php?rest_route=%2Fwp%2Fv2%2Fmedia&parent=4313"}],"wp:term":[{"taxonomy":"category","embeddable":true,"href":"https:\/\/www.toque-musicall.com\/index.php?rest_route=%2Fwp%2Fv2%2Fcategories&post=4313"},{"taxonomy":"post_tag","embeddable":true,"href":"https:\/\/www.toque-musicall.com\/index.php?rest_route=%2Fwp%2Fv2%2Ftags&post=4313"}],"curies":[{"name":"wp","href":"https:\/\/api.w.org\/{rel}","templated":true}]}}