{"id":4315,"date":"2014-07-11T08:09:04","date_gmt":"2014-07-11T11:09:04","guid":{"rendered":"http:\/\/www.toque-musicall.com\/?p=4315"},"modified":"2014-07-11T08:09:41","modified_gmt":"2014-07-11T11:09:41","slug":"paulinho-e-sua-orquestra-metais-e-surdina-1963","status":"publish","type":"post","link":"https:\/\/www.toque-musicall.com\/?p=4315","title":{"rendered":"Paulinho E Sua Orquestra &#8211; Metais E Surdina (1963)"},"content":{"rendered":"<p><img loading=\"lazy\" decoding=\"async\" class=\"aligncenter\" alt=\"\" src=\"http:\/\/1.bp.blogspot.com\/-f0rbUT2qwAE\/U7-9TNmfPQI\/AAAAAAAAJa8\/7D9jY__mNh8\/s1600\/capap.JPG\" width=\"1000\" height=\"1003\" \/><img loading=\"lazy\" decoding=\"async\" class=\"aligncenter\" alt=\"\" src=\"http:\/\/2.bp.blogspot.com\/-L5nVygoPrq4\/U7-9YBNwuMI\/AAAAAAAAJbE\/SVNYkDQpJWk\/s1600\/contra.JPG\" width=\"1000\" height=\"1013\" \/>Ol\u00e1 amigos cultos e ocultos, muito bom dia! Aproveito a folguinha matinal para ir logo dando o toque musical desta sexta feira. Trago para voc\u00eas, mais uma vez (creio at\u00e9 que completando a discografia), o m\u00fasico Paulinho Magalh\u00e3es e sua orquestra, tamb\u00e9m conhecido como Paulinho Baterista. E com j\u00e1 deve ser do conhecimento de todos por aqui, ele foi um baterista de carreira internacional, migrou para os &#8216;States&#8217; junto com aquela leva de artistas brasileiros que foram para l\u00e1 na onda da Bossa Nova.<br \/>\nO lp &#8220;Metais e Surdina foi lan\u00e7ado pelo selo Euterpe, que na verdade era uma esp\u00e9cie de subsidi\u00e1ria do selo Prestige, no qual o Paulinho j\u00e1 havia gravado os seus outros discos. Ao que tudo indica, pelas caracter\u00edsticas, este lp \u00e9 de 1963, ou 62. Traz um repert\u00f3rio praticamente internacional, sendo o primeiro lado dedicado a &#8216;standard&#8217; da m\u00fasica americana e do outro lado a m\u00fasica latina, brasileira e francesa. Um disco de conjunto e orquestra, com grandes instrumentistas e arranjos do maestro Carioca. Confira<a href=\"http:\/\/depositfiles.org\/files\/dl7j1pi8thttp:\/\/\" target=\"_blank\">m<\/a>!<\/p>\n<div style=\"text-align: center;\">zing when the strings of my heart<\/div>\n<div style=\"text-align: center;\">poor buterfly<\/div>\n<div style=\"text-align: center;\">september song<\/div>\n<div style=\"text-align: center;\">it&#8217;s de-lovely<\/div>\n<div style=\"text-align: center;\">you do something to me<\/div>\n<div style=\"text-align: center;\">hey there<\/div>\n<div style=\"text-align: center;\">cha cha cha de la secretaria<\/div>\n<div style=\"text-align: center;\">oui oui oui<\/div>\n<div style=\"text-align: center;\">brigitte bardot<\/div>\n<div style=\"text-align: center;\">ay cosita linda<\/div>\n<div style=\"text-align: center;\">la pachanga<\/div>\n<div style=\"text-align: center;\">el marinito<\/div>\n<div style=\"text-align: center;\"><\/div>\n<div style=\"text-align: center;\">.<\/div>\n","protected":false},"excerpt":{"rendered":"<p>Ol\u00e1 amigos cultos e ocultos, muito bom dia! Aproveito a folguinha matinal para ir logo dando o toque musical desta sexta feira. Trago para voc\u00eas, mais uma vez (creio at\u00e9 que completando a discografia), o m\u00fasico Paulinho Magalh\u00e3es e sua &hellip; <a href=\"https:\/\/www.toque-musicall.com\/?p=4315\">Continue lendo <span class=\"meta-nav\">&rarr;<\/span><\/a><\/p>\n","protected":false},"author":1,"featured_media":0,"comment_status":"open","ping_status":"closed","sticky":false,"template":"","format":"standard","meta":{"footnotes":""},"categories":[183,2303,1674,2397],"tags":[],"class_list":["post-4315","post","type-post","status-publish","format-standard","hentry","category-paulinho-e-seu-conjunto","category-paulinho-e-sua-bateria","category-paulo-fernando-de-magalhaes-e-seu-conjunto","category-selo-euterpe"],"_links":{"self":[{"href":"https:\/\/www.toque-musicall.com\/index.php?rest_route=\/wp\/v2\/posts\/4315","targetHints":{"allow":["GET"]}}],"collection":[{"href":"https:\/\/www.toque-musicall.com\/index.php?rest_route=\/wp\/v2\/posts"}],"about":[{"href":"https:\/\/www.toque-musicall.com\/index.php?rest_route=\/wp\/v2\/types\/post"}],"author":[{"embeddable":true,"href":"https:\/\/www.toque-musicall.com\/index.php?rest_route=\/wp\/v2\/users\/1"}],"replies":[{"embeddable":true,"href":"https:\/\/www.toque-musicall.com\/index.php?rest_route=%2Fwp%2Fv2%2Fcomments&post=4315"}],"version-history":[{"count":2,"href":"https:\/\/www.toque-musicall.com\/index.php?rest_route=\/wp\/v2\/posts\/4315\/revisions"}],"predecessor-version":[{"id":4317,"href":"https:\/\/www.toque-musicall.com\/index.php?rest_route=\/wp\/v2\/posts\/4315\/revisions\/4317"}],"wp:attachment":[{"href":"https:\/\/www.toque-musicall.com\/index.php?rest_route=%2Fwp%2Fv2%2Fmedia&parent=4315"}],"wp:term":[{"taxonomy":"category","embeddable":true,"href":"https:\/\/www.toque-musicall.com\/index.php?rest_route=%2Fwp%2Fv2%2Fcategories&post=4315"},{"taxonomy":"post_tag","embeddable":true,"href":"https:\/\/www.toque-musicall.com\/index.php?rest_route=%2Fwp%2Fv2%2Ftags&post=4315"}],"curies":[{"name":"wp","href":"https:\/\/api.w.org\/{rel}","templated":true}]}}