{"id":4318,"date":"2014-07-13T21:59:33","date_gmt":"2014-07-14T00:59:33","guid":{"rendered":"http:\/\/www.toque-musicall.com\/?p=4318"},"modified":"2014-07-13T22:00:22","modified_gmt":"2014-07-14T01:00:22","slug":"o-rock-do-augusto-60-pedras-escolhidas-a-dedo-2011-2","status":"publish","type":"post","link":"https:\/\/www.toque-musicall.com\/?p=4318","title":{"rendered":"O Rock Do Augusto &#8211; 60 Pedras Escolhidas A Dedo (2011)"},"content":{"rendered":"<p><img loading=\"lazy\" decoding=\"async\" class=\"aligncenter\" alt=\"\" src=\"http:\/\/3.bp.blogspot.com\/-mHiZ36PKFmo\/U8MAQptP5gI\/AAAAAAAAJbY\/rZzqohUYe8A\/s1600\/capa+P.JPG\" width=\"1000\" height=\"1000\" \/><img loading=\"lazy\" decoding=\"async\" class=\"aligncenter\" alt=\"\" src=\"http:\/\/1.bp.blogspot.com\/-p12xsiG6lho\/U8MApyoEICI\/AAAAAAAAJbg\/oxFFulgiNhc\/s1600\/CONTRA+capa+bp.JPG\" width=\"1000\" height=\"1000\" \/><\/p>\n<div>Ol\u00e1 amigos cultos e ocultos! Uma boa noite para todos voc\u00eas. Hoje \u00e9 um dia muito especial e poderia ser ainda mais, n\u00e3o fosse o &#8216;grande fiasco da inven\u00e7\u00e3o da Copa&#8217;. Mas eu n\u00e3o quero falar disso Este \u00e9 um momento que eu quero apagar da minha lembran\u00e7a. N\u00e3o estou suportando a maioria dos brasileiros com esse &#8216;complexo de mulher de malandro&#8217;. Felizmente, pra salvar o dia, pra salvar-me do domingo, hoje \u00e9 o Dia do Rock. Eu vou mais \u00e9 me afundar no rock&#8217;n&#8217;roll. Pensei em fazer uma sele\u00e7\u00e3o rock brazuca, da\u00ed me lembrei que j\u00e1 havia feito isso anteriormente. Eu confesso que as vezes eu simplesmente esque\u00e7o o que j\u00e1 postei aqui no Toque Musical. Mas tamb\u00e9m n\u00e3o \u00e9 para menos, muito pelo contr\u00e1rio, \u00e9 para mais. Com tantas publica\u00e7\u00f5es ao longo desses \u00faltimos sete anos, se eu n\u00e3o pesquisar ou verificar na unha, acabo as vezes repetindo a dose. Desta vez eu vou repetir em forma de um &#8216;repost&#8217; \ud83d\ude42 Como j\u00e1 tenho aqui uma sele\u00e7\u00e3o, criada e publicada em 2011, acho que vou traz\u00ea-la de volta, pois acredito que ir\u00e1 fazer tanto sucesso quanto fez da primeira vez. Eis aqui uma sele\u00e7\u00e3o com 60 m\u00fasicas do nosso singular rock&#8217;n&#8217;roll. Uma escolha que obedece o meu gosto pessoal, embora incompleta, pois n\u00e3o corresponde integralmente a tudo que eu gostaria de selecionar. Fica ent\u00e3o assim a minha homenagem ao Dia do Rock e a sele\u00e7\u00e3o &#8220;60 Pedras Escolhidas A Dedo&#8221; de 2011. Uma repostagem que merec<a href=\"http:\/\/depositfiles.org\/files\/86sugtj46http:\/\/\" target=\"_blank\">e<\/a>! \ud83d\ude09<\/div>\n<div>.<\/div>\n<div><\/div>\n<div style=\"text-align: center;\">chuck berry fields forever &#8211; doces b\u00e1rbaros<\/div>\n<div style=\"text-align: center;\">de ponta a cabe\u00e7a &#8211; a chave do sol<\/div>\n<div style=\"text-align: center;\">casa do rock &#8211; casa das m\u00e1quinas<\/div>\n<div style=\"text-align: center;\">ser\u00e1que eu vou virar bolor &#8211; arnaldo baptista<\/div>\n<div style=\"text-align: center;\">sinal da paran\u00f3ia &#8211; som nosso de cada dia<\/div>\n<div style=\"text-align: center;\">flores astrais &#8211; secos e molhados<\/div>\n<div style=\"text-align: center;\">n\u00e3o pare na pista &#8211; raul seixas<\/div>\n<div style=\"text-align: center;\">super god &#8211; som imagin\u00e1rio<\/div>\n<div style=\"text-align: center;\">\u00e9 como teria que ser &#8211; bixo da seda<\/div>\n<div style=\"text-align: center;\">1990 projeto salva a terra &#8211; erasmo carlos<\/div>\n<div style=\"text-align: center;\">os pilares da cultura &#8211; a barca do sol<\/div>\n<div style=\"text-align: center;\">se o r\u00e1dio n\u00e3o toca &#8211; raul seixas<\/div>\n<div style=\"text-align: center;\">marta, zeca, o prefeito, o padre, o doutor e eu &#8211; bango<\/div>\n<div style=\"text-align: center;\">eu quero essa mulher assim mesmo &#8211; caetano veloso<\/div>\n<div style=\"text-align: center;\">sujeito de sorte &#8211; belchior<\/div>\n<div style=\"text-align: center;\">que loucura &#8211; tutti frutti<\/div>\n<div style=\"text-align: center;\">hey amigo &#8211; o ter\u00e7o<\/div>\n<div style=\"text-align: center;\">pr\u00e1 cabe\u00e7a (jogue tudo pr\u00e1 cabe\u00e7a) &#8211; casa das m\u00e1quinas<\/div>\n<div style=\"text-align: center;\">bicho do mato &#8211; som nosso de cada dia<\/div>\n<div style=\"text-align: center;\">tecnicolor &#8211; mutantes<\/div>\n<div style=\"text-align: center;\">os pingos da chuva o os novos baianos<\/div>\n<div style=\"text-align: center;\">noite e dia &#8211; blow up<\/div>\n<div style=\"text-align: center;\">ando jurur\u00fa &#8211; rita lee e tutti frutti<\/div>\n<div style=\"text-align: center;\">trem &#8211; bixo da seda<\/div>\n<div style=\"text-align: center;\">baby &#8211; erasmo carlos<\/div>\n<div style=\"text-align: center;\">jardim el\u00e9trico &#8211; mutantes<\/div>\n<div style=\"text-align: center;\">uma banda made in brazil &#8211; made in brazil<\/div>\n<div style=\"text-align: center;\">os hemadecons cantavam em c\u00f4ro &#8211; a bolha<\/div>\n<div style=\"text-align: center;\">eu n\u00e3o t\u00f4 nem a\u00ed &#8211; arnaldo baptista<\/div>\n<div style=\"text-align: center;\">sarav\u00e1 &#8211; mutantes<\/div>\n<div style=\"text-align: center;\">lagoa das lontras &#8211; o ter\u00e7o<\/div>\n<div style=\"text-align: center;\">a hora e a vez do cabelo crescer &#8211; mutantes<\/div>\n<div style=\"text-align: center;\">posso contar comigo &#8211; rita lee e tutti frutti<\/div>\n<div style=\"text-align: center;\">porta das maravilhas &#8211; rick ferreira<\/div>\n<div style=\"text-align: center;\">essa menina t\u00e1 ficando mo\u00e7a &#8211; dom e ravel<\/div>\n<div style=\"text-align: center;\">toada &amp; rock &amp; mambo &amp; tango &amp; etc &#8211; secos e molhados<\/div>\n<div style=\"text-align: center;\">luz de vela &#8211; o ter\u00e7o<\/div>\n<div style=\"text-align: center;\">cabe\u00e7a feita &#8211; guilherme lamounier<\/div>\n<div style=\"text-align: center;\">\u00e1gua limpa p som nosso de cada dia<\/div>\n<div style=\"text-align: center;\">sociedade alternativa &#8211; raul seixas<\/div>\n<div style=\"text-align: center;\">sou louco por voc\u00ea &#8211; peso<\/div>\n<div style=\"text-align: center;\">minha fama de mau &#8211; cilibrinas do \u00e9den<\/div>\n<div style=\"text-align: center;\">del\u00edrio &#8211; secos e molhados<\/div>\n<div style=\"text-align: center;\">cora\u00e7\u00e3o paulista &#8211; guilherme arantes<\/div>\n<div style=\"text-align: center;\">ainda vou transar com voc\u00ea &#8211; mutantes<\/div>\n<div style=\"text-align: center;\">a paulic\u00e9ia pirou &#8211; made in brazil<\/div>\n<div style=\"text-align: center;\">ilus\u00e3o e brisa &#8211; tutti frutti<\/div>\n<div style=\"text-align: center;\">beijo exagerado &#8211; mutantes<\/div>\n<div style=\"text-align: center;\">como vov\u00f3 j\u00e1 dizia &#8211; raul seixas<\/div>\n<div style=\"text-align: center;\">essa \u00e9a vida &#8211; casa das m\u00e1quinas<\/div>\n<div style=\"text-align: center;\">e voc\u00ea ainda duvida &#8211; cilibrinas do \u00e9den<\/div>\n<div style=\"text-align: center;\">mudan\u00e7a de tempo &#8211; o ter\u00e7o<\/div>\n<div style=\"text-align: center;\">send it for tomorrow &#8211; torbuk<\/div>\n<div style=\"text-align: center;\">an\u00e1lise descontra\u00edda &#8211; erasmo carlos<\/div>\n<div style=\"text-align: center;\">make believe waltz &#8211; som imagin\u00e1rio<\/div>\n<div style=\"text-align: center;\">departamento de cria\u00e7\u00e3o &#8211; rita lee e tutti frutti<\/div>\n<div style=\"text-align: center;\">stress &#8211; casa das m\u00e1quinas<\/div>\n<div style=\"text-align: center;\">\u00e9 como teria que ser &#8211; bixo da seda (repetido, vacil\u00e3o!)<\/div>\n<div style=\"text-align: center;\">caro\u00e7o de manga &#8211; raul seixas<\/div>\n<div style=\"text-align: center;\">sempre brilhar\u00e1 &#8211; celso blues boy<\/div>\n<div style=\"text-align: center;\"><\/div>\n<div style=\"text-align: center;\">.<\/div>\n","protected":false},"excerpt":{"rendered":"<p>Ol\u00e1 amigos cultos e ocultos! Uma boa noite para todos voc\u00eas. Hoje \u00e9 um dia muito especial e poderia ser ainda mais, n\u00e3o fosse o &#8216;grande fiasco da inven\u00e7\u00e3o da Copa&#8217;. Mas eu n\u00e3o quero falar disso Este \u00e9 um &hellip; <a href=\"https:\/\/www.toque-musicall.com\/?p=4318\">Continue lendo <span class=\"meta-nav\">&rarr;<\/span><\/a><\/p>\n","protected":false},"author":1,"featured_media":0,"comment_status":"open","ping_status":"closed","sticky":false,"template":"","format":"standard","meta":{"footnotes":""},"categories":[64,2398,11],"tags":[],"class_list":["post-4318","post","type-post","status-publish","format-standard","hentry","category-coletanea","category-coletanea-o-roque-do-augusto","category-exclusivos-do-toque-musical"],"_links":{"self":[{"href":"https:\/\/www.toque-musicall.com\/index.php?rest_route=\/wp\/v2\/posts\/4318","targetHints":{"allow":["GET"]}}],"collection":[{"href":"https:\/\/www.toque-musicall.com\/index.php?rest_route=\/wp\/v2\/posts"}],"about":[{"href":"https:\/\/www.toque-musicall.com\/index.php?rest_route=\/wp\/v2\/types\/post"}],"author":[{"embeddable":true,"href":"https:\/\/www.toque-musicall.com\/index.php?rest_route=\/wp\/v2\/users\/1"}],"replies":[{"embeddable":true,"href":"https:\/\/www.toque-musicall.com\/index.php?rest_route=%2Fwp%2Fv2%2Fcomments&post=4318"}],"version-history":[{"count":2,"href":"https:\/\/www.toque-musicall.com\/index.php?rest_route=\/wp\/v2\/posts\/4318\/revisions"}],"predecessor-version":[{"id":4320,"href":"https:\/\/www.toque-musicall.com\/index.php?rest_route=\/wp\/v2\/posts\/4318\/revisions\/4320"}],"wp:attachment":[{"href":"https:\/\/www.toque-musicall.com\/index.php?rest_route=%2Fwp%2Fv2%2Fmedia&parent=4318"}],"wp:term":[{"taxonomy":"category","embeddable":true,"href":"https:\/\/www.toque-musicall.com\/index.php?rest_route=%2Fwp%2Fv2%2Fcategories&post=4318"},{"taxonomy":"post_tag","embeddable":true,"href":"https:\/\/www.toque-musicall.com\/index.php?rest_route=%2Fwp%2Fv2%2Ftags&post=4318"}],"curies":[{"name":"wp","href":"https:\/\/api.w.org\/{rel}","templated":true}]}}