{"id":4321,"date":"2014-07-16T19:24:10","date_gmt":"2014-07-16T22:24:10","guid":{"rendered":"http:\/\/www.toque-musicall.com\/?p=4321"},"modified":"2014-07-16T19:24:10","modified_gmt":"2014-07-16T22:24:10","slug":"a-musica-de-alvaiade-e-de-djalma-mafra-selecao-78-rpm-do-toque-musical-vol-108-2014","status":"publish","type":"post","link":"https:\/\/www.toque-musicall.com\/?p=4321","title":{"rendered":"A M\u00fasica De Alvaiade E De Djalma Mafra &#8211; Sele\u00e7\u00e3o 78 RPM Do Toque Musical Vol.108 (2014)"},"content":{"rendered":"<h1 class=\"title entry-title\" itemprop=\"name\"><img loading=\"lazy\" decoding=\"async\" class=\"aligncenter\" alt=\"\" src=\"http:\/\/2.bp.blogspot.com\/-wtdOsZBr2_Q\/U8bzgR4RdMI\/AAAAAAAAJcc\/KMDkytNJhto\/s1600\/CAPAp.JPG\" width=\"1000\" height=\"1000\" \/><img loading=\"lazy\" decoding=\"async\" class=\"aligncenter\" alt=\"\" src=\"http:\/\/1.bp.blogspot.com\/-ZUfMxZGKJMo\/U8bzlHn07zI\/AAAAAAAAJck\/gVhzFVrk1Ak\/s1600\/CONTRACAPAp.JPG\" width=\"1000\" height=\"1000\" \/><\/h1>\n<div>Dois grandes compositores cariocas abrilhantam a cent\u00e9sima-oitava\u00a0 edi\u00e7\u00e3o do Grand Record Brazil: Alvaiade e Djalma Mafra. Alvaiade, na pia batismal Oswaldo dos Santos,\u00a0 nasceu na Estrada da Portela, no sub\u00farbio carioca de Oswaldo Cruz, a 21 de dezembro de 1913. \u00d3rf\u00e3o de pai aos cinco anos, come\u00e7ou a trabalhar aos treze, como empregado de uma tipografia, assim sustentando a fam\u00edlia. Desde crian\u00e7a interessou-se por m\u00fasica, e sua primeira composi\u00e7\u00e3o data de 1926: o choro \u201cO que vier eu tra\u00e7o\u201d,em parceria com Z\u00e9 Maria, s\u00f3 gravado em 1945 por Ademilde Fonseca.\u00a0 Em 1928, a convite de Paulo da Portela, deixou o pequeno bloco carnavalesco\u00a0 de que participava em Oswaldo Cruz para integrar a escola de samba dirigida por Paulo, a Vai Como Pode, que mais tarde se transformou na atual Portela. Inicialmente, Alvaiade (apelido que recebeu de companheiros de futebol, tendo jogado no time da pr\u00f3pria Portela e na Associa\u00e7\u00e3o Atl\u00e9tica Portuguesa) apresentava-se fazendo um cavaquinho (que tocava de ouvido) de centro, \u00a0acompanhando o samba, e mais tarde passou a compor para a escola. Era tamb\u00e9m percussionista. Na Portela, desempenhou fun\u00e7\u00f5es v\u00e1rias, inclusive administrativas, e tendo tamb\u00e9m lan\u00e7ado compositores como Manaceia, Walter Rosa, Candeia e Chico Santana. Apresentou-se nas rodas de samba do Teatro Opini\u00e3o, na d\u00e9cada de 1970, fez parte da ala de compositores da Portela e foi um dos fundadores da UBC (Uni\u00e3o Brasileira de Compositores). Alvaiade faleceu em seu Rio natal em 23 de junho de 1981, j\u00e1 aposentado da UBC e dos servi\u00e7os tipogr\u00e1ficos, e seu corpo permaneceu dois dias no IML (Instituto M\u00e9dico Legal), antes de ser reconhecido, sendo depois sepultado no cemit\u00e9rio do Iraj\u00e1. E foi justamente o bairro carioca do Iraj\u00e1 o ber\u00e7o natal de Djalma Mafra, que veio ao mundo no dia 2 de novembro de 1916, e faleceu, tamb\u00e9m no Rio de Janeiro, em plena v\u00e9spera de Natal de 1974, ou seja, a 24 de dezembro. Djalma sempre esteve muito ligado ao carnaval, especialmente de Madureira, do qual foi grande foli\u00e3o. Teve in\u00fameras composi\u00e7\u00f5es gravadas, especialmente sambas e marchinhas,\u00a0 em parceria com outros nomes de prest\u00edgio:\u00a0 Geraldo Pereira, o pr\u00f3prio Alvaiade, que tamb\u00e9m abordamos aqui, Ataulfo Alves, Joel de Almeida, etc. Nesta edi\u00e7\u00e3o do GRB, um pouco do expressivo legado de Alvaiade e Djalma Mafra, em catorze preciosas grava\u00e7\u00f5es. Abrindo-a, o samba \u201cO cora\u00e7\u00e3o ordena\u201d, de Alvaiade e Paquito, do carnaval de 1939, grava\u00e7\u00e3o Victor de J. B. de Carvalho, em 27 de setembro de 38, lan\u00e7ada ainda em dezembro sob n.o 34392-A, matriz 80906. Do carnaval seguinte \u00e9 outro samba de Alvaiade, agora em parceria com Alcides Lopes, \u201cEu chorei\u201d, gravado na Odeon por Joel e Ga\u00facho em 4 de dezembro de 1939 e lan\u00e7ado um m\u00eas antes da folia de 40, em janeiro, disco 11820-B, matriz 6286. De ambos os nossos focalizados, Alvaiade e Djalma Mafra, em parceria, \u00e9 o samba-can\u00e7\u00e3o \u201cBrigas de amor\u201d, gravado na Sinter por Flora Matos (n\u00e3o confundir com a \u201crapper\u201d brasiliense), com lan\u00e7amento em maio-junho de 1955, disco 00-00.400-A,matriz S-889. Flora, tamb\u00e9m compositora, gravou 16 discos 78 com 32 m\u00fasicas, entre 1946 e 1960, e participou de LPs coletivos. De Alvaiade e Ari Monteiro \u00e9 o samba \u201cDe sol a sol\u201d, do carnaval de 1942, grava\u00e7\u00e3o Victor de Linda Batista em\u00a0 12 de novembro de 41, lan\u00e7ada um m\u00eas antes dos festejos momescos, em janeiro, com o n.o 34860-B, matriz S-052419. De Djalma Mafra sem parceiro \u00e9 o samba \u201cBanco de r\u00e9u\u201d, que o mestre de Mira\u00ed, Ataulfo Alves, com suas Pastoras a tiracolo, lan\u00e7a pela Star em\u00a0 maio de 1949, disco 132-B. Logo em seguida, acompanhado por sua Academia de Samba, Ataulfo interpreta outro samba, \u201cDeus me ajude\u201d, do carnaval de 1943, de autoria de Alvaiade, Estanislau Silva e Humberto de Carvalho, grava\u00e7\u00e3o Odeon de 11 de setembro de 42, lan\u00e7ada ainda em dezembro, disco 12232-A, matriz 7063. Novamente com as Pastoras, Ataulfo interpreta em seguida \u201cBrasil\u201d, outro samba de Alvaiade, agora com a parceria de N\u00edlson Gon\u00e7alves, do carnaval de 1945, tamb\u00e9m gravado na \u201cmarca do templo\u201d em 19 de outubro de 44 e lan\u00e7ado ainda em dezembro, disco 12525-A,matriz 7682. O paulista Risadinha (Francisco Ferraz Neto, 1921-1976), interpreta depois um samba s\u00f3 de Alvaiade, \u201cEu ainda sou eu\u201d,\u00a0 outra grava\u00e7\u00e3o Odeon, esta de 14 de abril de 1952, lan\u00e7ada em maio do mesmo ano com o n.o 13292-B, matriz 9282. Na faixa 9, volta Ataulfo Alves, com sua Academia de Samba, agora para interpretar o samba \u201cLeonor\u201d, dele pr\u00f3prio com Djalma Mafra, em registro Odeon de 9 de setembro de 1943, lan\u00e7ada em novembro seguinte sob n.o 12372-B, matriz 7376. Djalma Mafra assina em seguida,com Joel de Almeida, a marchinha \u2018Cavalinho bom\u201d, do carnaval de 1944, que Joel grava com Ga\u00facho na mesm\u00edssima Odeon em 5 de agosto de 43 com lan\u00e7amento ainda em novembro, disco 12373-B, matriz 7354. Marilu (Maria de Lourdes Lopes), carioca da Vila Isabel, aqui comparece com o samba \u201cR\u00e9u prim\u00e1rio\u201d, de Djalma Mafra e Amaro Silva, tamb\u00e9m destinado ao carnaval de 1944. Grava\u00e7\u00e3o Victor de 12 de outubro de 43, lan\u00e7ada ainda em dezembro com o n.o 80-0137-A,matriz S-052854. O eterno \u2018Formig\u00e3o\u201d, Cyro Monteiro,\u00a0 interpreta em seguida o samba \u201cDentro da capela\u201d, parceria de Djalma Mafra com Alcides Rosa, gravado na RCA Victor ao apagar das luzes de 1946, 20 de dezembro, indo para as lojas em mar\u00e7o de 47 com o n.o 80-0502-B, matriz S-078703. O cantor Jos\u00e9 Ribamar, que deixou uma escassa discografia (apenas cinco discos 78 com dez m\u00fasicas, entre 1954 e 1958), vem aqui com o lado B de seu primeiro disco, o Todam\u00e9rica TA-5479: o samba \u201cFalsidade\u201d, de Djalma Mafra e Jo\u00e3o Pereira de Lucena, gravado em 17 de agosto de 1954 e lan\u00e7ado em outubro do mesmo ano, matriz TA-720. Para encerrar, o \u00a0trombonista\u00a0 e maestro Astor Silva, \u00e0 frente do grupo Rio Melodian\u2019s, executa o choro \u201cComprando barulho\u201d, de Djalma Mafra e Jorge Tavares, grava\u00e7\u00e3o da marca Rio, de exist\u00eancia ef\u00eamera, disco 10-0034-B, datado de 1951. Aqui fica a homenagem do GRB a estes compositores que muito contribu\u00edram para nossa m\u00fasica popular, Alvaiade e Djalma Mafra, para a alegria e o deleite de todos os que apreciam o que \u00e9 bo<a href=\"http:\/\/depositfiles.org\/files\/jc7ghp0xf\" target=\"_blank\">m<\/a>!<\/div>\n<div><\/div>\n<div>* Texto de Samuel Machado Filho<\/div>\n","protected":false},"excerpt":{"rendered":"<p>Dois grandes compositores cariocas abrilhantam a cent\u00e9sima-oitava\u00a0 edi\u00e7\u00e3o do Grand Record Brazil: Alvaiade e Djalma Mafra. Alvaiade, na pia batismal Oswaldo dos Santos,\u00a0 nasceu na Estrada da Portela, no sub\u00farbio carioca de Oswaldo Cruz, a 21 de dezembro de 1913. &hellip; <a href=\"https:\/\/www.toque-musicall.com\/?p=4321\">Continue lendo <span class=\"meta-nav\">&rarr;<\/span><\/a><\/p>\n","protected":false},"author":1,"featured_media":0,"comment_status":"open","ping_status":"closed","sticky":false,"template":"","format":"standard","meta":{"footnotes":""},"categories":[101,11,1577,1726,2402,163,85,352,13],"tags":[],"class_list":["post-4321","post","type-post","status-publish","format-standard","hentry","category-ataulfo-alves","category-exclusivos-do-toque-musical","category-j-b-de-carvalho","category-joel-e-gaucho","category-jose-ribamar","category-linda-batista","category-orlando-silva","category-risadinha","category-selo-grand-record-brazil"],"_links":{"self":[{"href":"https:\/\/www.toque-musicall.com\/index.php?rest_route=\/wp\/v2\/posts\/4321","targetHints":{"allow":["GET"]}}],"collection":[{"href":"https:\/\/www.toque-musicall.com\/index.php?rest_route=\/wp\/v2\/posts"}],"about":[{"href":"https:\/\/www.toque-musicall.com\/index.php?rest_route=\/wp\/v2\/types\/post"}],"author":[{"embeddable":true,"href":"https:\/\/www.toque-musicall.com\/index.php?rest_route=\/wp\/v2\/users\/1"}],"replies":[{"embeddable":true,"href":"https:\/\/www.toque-musicall.com\/index.php?rest_route=%2Fwp%2Fv2%2Fcomments&post=4321"}],"version-history":[{"count":1,"href":"https:\/\/www.toque-musicall.com\/index.php?rest_route=\/wp\/v2\/posts\/4321\/revisions"}],"predecessor-version":[{"id":4322,"href":"https:\/\/www.toque-musicall.com\/index.php?rest_route=\/wp\/v2\/posts\/4321\/revisions\/4322"}],"wp:attachment":[{"href":"https:\/\/www.toque-musicall.com\/index.php?rest_route=%2Fwp%2Fv2%2Fmedia&parent=4321"}],"wp:term":[{"taxonomy":"category","embeddable":true,"href":"https:\/\/www.toque-musicall.com\/index.php?rest_route=%2Fwp%2Fv2%2Fcategories&post=4321"},{"taxonomy":"post_tag","embeddable":true,"href":"https:\/\/www.toque-musicall.com\/index.php?rest_route=%2Fwp%2Fv2%2Ftags&post=4321"}],"curies":[{"name":"wp","href":"https:\/\/api.w.org\/{rel}","templated":true}]}}