{"id":433,"date":"2011-06-11T04:22:00","date_gmt":"2011-06-11T04:22:00","guid":{"rendered":"http:\/\/www.toque-musicall.com\/?p=433"},"modified":"2011-06-11T04:22:00","modified_gmt":"2011-06-11T04:22:00","slug":"joao-gilberto-mais-vivo-coletanea-comemorativa-80-anos-2011","status":"publish","type":"post","link":"https:\/\/www.toque-musicall.com\/?p=433","title":{"rendered":"Jo\u00e3o Gilberto &#8211; Mais Vivo &#8211; Colet\u00e2nea Comemorativa 80 Anos (2011)"},"content":{"rendered":"<div style=\"clear: both; text-align: center;\"><a href=\"http:\/\/2.bp.blogspot.com\/-gGsyX6yzLV0\/TfLhpqBFkfI\/AAAAAAAAIGY\/sD1GtrQvxuc\/s1600\/Jo%25C3%25A3o+Gilberto+80+P.JPG\" style=\"margin-left: 1em; margin-right: 1em;\"><img loading=\"lazy\" decoding=\"async\" border=\"0\" height=\"398\" src=\"http:\/\/2.bp.blogspot.com\/-gGsyX6yzLV0\/TfLhpqBFkfI\/AAAAAAAAIGY\/sD1GtrQvxuc\/s400\/Jo%25C3%25A3o+Gilberto+80+P.JPG\" width=\"400\" \/><\/a><\/div>\n<p>Ol\u00e1, mo\u00e7ada culta e oculta. H\u00e1 pouco mais de meia hora, ontem, foi anivers\u00e1rio do grande J\u00e3o, que um dia foi Jo\u00e3ozinho de Juazeiro e dos amigos pr\u00f3ximos como Tom e Vin\u00edcius. Jo\u00e3ozinho que virou Jo\u00e3o Gilberto, a lenda viva. Se voc\u00eas pensaram que eu me esqueci desta data, n\u00e3o se enganaram, esqueci mesmo. Por\u00e9m, esta postagem no in\u00edcio da madrugada est\u00e1 sendo estrat\u00e9gica e providencial. Ainda nos pr\u00f3ximos dias ir\u00e3o repercutir not\u00edcias sobre os 80 anos de Jo\u00e3o Gilberto. Da\u00ed, estamos na ordem do dia \ud83d\ude42<br \/>Como o nosso s\u00e1bado tem sido dedicado \u00e0s colet\u00e2neas, esta veio bem a calhar. Selecionei 14 momentos de apresenta\u00e7\u00f5es ao vivo que Jo\u00e3o fez no Brasil e exterior. N\u00e3o h\u00e1 nada de muito raro ou extraordin\u00e1rio nessas grava\u00e7\u00f5es al\u00e9m do que s\u00e3o, registros extra\u00eddos de shows, alguns, inclusive, at\u00e9 podem ser visto no Youtube. Mesmo assim, uma sele\u00e7\u00e3o caprichada como esta, n\u00e3o se encontra f\u00e1cil por a\u00ed. Al\u00e9m dos belos momentos musicais, tem tamb\u00e9m a produ\u00e7\u00e3o visual de capa, feita, mod\u00e9stia a parte, pelo &#8216;papai&#8217; aqui &#8211; que procura assim agregar os valores e, espero, despertar o interesse de voc\u00eas \ud83d\ude09<br \/>Ao Jo\u00e3o Gilberto, minhas sauda\u00e7\u00f5es! Desejo a ele muita paz, sa\u00fade e serenidade. Obrigado por estar vivo!<\/p>\n<div style=\"text-align: center;\">carinhoso<\/div>\n<div style=\"text-align: center;\">aquarela do brasil<\/div>\n<div style=\"text-align: center;\">guacira<\/div>\n<div style=\"text-align: center;\">louco<\/div>\n<div style=\"text-align: center;\">ronda<\/div>\n<div style=\"text-align: center;\">estate<\/div>\n<div style=\"text-align: center;\">desafinado<\/div>\n<div style=\"text-align: center;\">eu vim da bahia<\/div>\n<div style=\"text-align: center;\">garota de ipanema<\/div>\n<div style=\"text-align: center;\">vou te contar (wave)<\/div>\n<div style=\"text-align: center;\">retrato em branco e preto<\/div>\n<div style=\"text-align: center;\">corcovado<\/div>\n<div style=\"text-align: center;\">triste<\/div>\n<div style=\"text-align: center;\">morena boca de ouro<\/div>\n<div style=\"text-align: center;\"><\/div>\n<div style=\"text-align: center;\">PS.: VAI L\u00c1 EM CASA OUVIR ESTE DISCO, EU FA\u00c7O UMA C\u00d3PIA PARA VOC\u00ca!<\/div>\n","protected":false},"excerpt":{"rendered":"<p>Ol\u00e1, mo\u00e7ada culta e oculta. H\u00e1 pouco mais de meia hora, ontem, foi anivers\u00e1rio do grande J\u00e3o, que um dia foi Jo\u00e3ozinho de Juazeiro e dos amigos pr\u00f3ximos como Tom e Vin\u00edcius. Jo\u00e3ozinho que virou Jo\u00e3o Gilberto, a lenda viva. &hellip; <a href=\"https:\/\/www.toque-musicall.com\/?p=433\">Continue lendo <span class=\"meta-nav\">&rarr;<\/span><\/a><\/p>\n","protected":false},"author":1,"featured_media":0,"comment_status":"open","ping_status":"closed","sticky":false,"template":"","format":"standard","meta":{"footnotes":""},"categories":[180,685,11,292],"tags":[],"class_list":["post-433","post","type-post","status-publish","format-standard","hentry","category-bootleg","category-coletanea-joao-gilberto-80-anos","category-exclusivos-do-toque-musical","category-joao-gilberto"],"_links":{"self":[{"href":"https:\/\/www.toque-musicall.com\/index.php?rest_route=\/wp\/v2\/posts\/433","targetHints":{"allow":["GET"]}}],"collection":[{"href":"https:\/\/www.toque-musicall.com\/index.php?rest_route=\/wp\/v2\/posts"}],"about":[{"href":"https:\/\/www.toque-musicall.com\/index.php?rest_route=\/wp\/v2\/types\/post"}],"author":[{"embeddable":true,"href":"https:\/\/www.toque-musicall.com\/index.php?rest_route=\/wp\/v2\/users\/1"}],"replies":[{"embeddable":true,"href":"https:\/\/www.toque-musicall.com\/index.php?rest_route=%2Fwp%2Fv2%2Fcomments&post=433"}],"version-history":[{"count":0,"href":"https:\/\/www.toque-musicall.com\/index.php?rest_route=\/wp\/v2\/posts\/433\/revisions"}],"wp:attachment":[{"href":"https:\/\/www.toque-musicall.com\/index.php?rest_route=%2Fwp%2Fv2%2Fmedia&parent=433"}],"wp:term":[{"taxonomy":"category","embeddable":true,"href":"https:\/\/www.toque-musicall.com\/index.php?rest_route=%2Fwp%2Fv2%2Fcategories&post=433"},{"taxonomy":"post_tag","embeddable":true,"href":"https:\/\/www.toque-musicall.com\/index.php?rest_route=%2Fwp%2Fv2%2Ftags&post=433"}],"curies":[{"name":"wp","href":"https:\/\/api.w.org\/{rel}","templated":true}]}}