{"id":4337,"date":"2014-07-24T07:37:29","date_gmt":"2014-07-24T10:37:29","guid":{"rendered":"http:\/\/www.toque-musicall.com\/?p=4337"},"modified":"2014-07-24T07:37:29","modified_gmt":"2014-07-24T10:37:29","slug":"antonio-carlos-jocafi-1972","status":"publish","type":"post","link":"https:\/\/www.toque-musicall.com\/?p=4337","title":{"rendered":"Antonio Carlos &#038; Jocafi (1972)"},"content":{"rendered":"<p><img loading=\"lazy\" decoding=\"async\" class=\"aligncenter\" alt=\"\" src=\"http:\/\/4.bp.blogspot.com\/-bXZKnRNeVzg\/U9Dgr_9f6LI\/AAAAAAAAJkU\/GHrfcNAFM-0\/s1600\/capap.JPG\" width=\"1000\" height=\"996\" \/><img loading=\"lazy\" decoding=\"async\" class=\"aligncenter\" alt=\"\" src=\"http:\/\/1.bp.blogspot.com\/-XgMzo9iTiEY\/U9DgxTCmz-I\/AAAAAAAAJkc\/pe5jtQmVubM\/s1600\/lado+1p.JPG\" width=\"1000\" height=\"877\" \/><img loading=\"lazy\" decoding=\"async\" class=\"aligncenter\" alt=\"\" src=\"http:\/\/4.bp.blogspot.com\/-x2_qn9Xd2O0\/U9Dg2ElY1lI\/AAAAAAAAJkk\/WQiZwD5kQEQ\/s1600\/lado+2p.JPG\" width=\"1000\" height=\"896\" \/>Bom dia, prezados amigos cultos e ocultos! Aqui vai mais um compacto para preenchermos o nossa lista musical. Trago hoje um disquinho que de melhor s\u00f3 mesmo o disc\u00e3o, que qualquer hora dessas eu posto aqui. Hoje ficaremos apenas no deguste. Dois bel\u00edssimos sambas da dupla baiana Antonio Carlos e Jocafi. O interessante dos compactos \u00e9 que as vezes eles traziam vers\u00f5es diferentes da mesma m\u00fasica lan\u00e7ada em lp. Ainda n\u00e3o verifiquei, mas creio que a m\u00fasica &#8220;Minhas raz\u00f5es&#8221; aparece aqui um pouco diferente. Ou ser\u00e1 que eu me enganei? Confiram as minhas raz\u00f5e<a href=\"http:\/\/depositfiles.org\/files\/92mbbe2va\" target=\"_blank\">s<\/a>. \ud83d\ude09<\/p>\n<div style=\"text-align: center;\">minhas raz\u00f5es<\/div>\n<div style=\"text-align: center;\">conclus\u00e3o<\/div>\n<div style=\"text-align: center;\"><\/div>\n<div style=\"text-align: center;\">.<\/div>\n","protected":false},"excerpt":{"rendered":"<p>Bom dia, prezados amigos cultos e ocultos! Aqui vai mais um compacto para preenchermos o nossa lista musical. Trago hoje um disquinho que de melhor s\u00f3 mesmo o disc\u00e3o, que qualquer hora dessas eu posto aqui. Hoje ficaremos apenas no &hellip; <a href=\"https:\/\/www.toque-musicall.com\/?p=4337\">Continue lendo <span class=\"meta-nav\">&rarr;<\/span><\/a><\/p>\n","protected":false},"author":1,"featured_media":0,"comment_status":"open","ping_status":"closed","sticky":false,"template":"","format":"standard","meta":{"footnotes":""},"categories":[1250,93,70],"tags":[],"class_list":["post-4337","post","type-post","status-publish","format-standard","hentry","category-antonio-carlos-e-jocafi","category-compactos","category-selo-rca-victor"],"_links":{"self":[{"href":"https:\/\/www.toque-musicall.com\/index.php?rest_route=\/wp\/v2\/posts\/4337","targetHints":{"allow":["GET"]}}],"collection":[{"href":"https:\/\/www.toque-musicall.com\/index.php?rest_route=\/wp\/v2\/posts"}],"about":[{"href":"https:\/\/www.toque-musicall.com\/index.php?rest_route=\/wp\/v2\/types\/post"}],"author":[{"embeddable":true,"href":"https:\/\/www.toque-musicall.com\/index.php?rest_route=\/wp\/v2\/users\/1"}],"replies":[{"embeddable":true,"href":"https:\/\/www.toque-musicall.com\/index.php?rest_route=%2Fwp%2Fv2%2Fcomments&post=4337"}],"version-history":[{"count":1,"href":"https:\/\/www.toque-musicall.com\/index.php?rest_route=\/wp\/v2\/posts\/4337\/revisions"}],"predecessor-version":[{"id":4338,"href":"https:\/\/www.toque-musicall.com\/index.php?rest_route=\/wp\/v2\/posts\/4337\/revisions\/4338"}],"wp:attachment":[{"href":"https:\/\/www.toque-musicall.com\/index.php?rest_route=%2Fwp%2Fv2%2Fmedia&parent=4337"}],"wp:term":[{"taxonomy":"category","embeddable":true,"href":"https:\/\/www.toque-musicall.com\/index.php?rest_route=%2Fwp%2Fv2%2Fcategories&post=4337"},{"taxonomy":"post_tag","embeddable":true,"href":"https:\/\/www.toque-musicall.com\/index.php?rest_route=%2Fwp%2Fv2%2Ftags&post=4337"}],"curies":[{"name":"wp","href":"https:\/\/api.w.org\/{rel}","templated":true}]}}