{"id":4339,"date":"2014-07-24T23:35:43","date_gmt":"2014-07-25T02:35:43","guid":{"rendered":"http:\/\/www.toque-musicall.com\/?p=4339"},"modified":"2014-07-24T23:35:43","modified_gmt":"2014-07-25T02:35:43","slug":"sirlan-1972","status":"publish","type":"post","link":"https:\/\/www.toque-musicall.com\/?p=4339","title":{"rendered":"Sirlan (1972)"},"content":{"rendered":"<p><img loading=\"lazy\" decoding=\"async\" class=\"aligncenter\" alt=\"\" src=\"http:\/\/1.bp.blogspot.com\/-V9SdGn6ds90\/U9Di2XBbUZI\/AAAAAAAAJkw\/dBdsIt2jdY8\/s1600\/Comp+Som+Livre+Lado+1.jpg\" width=\"1470\" height=\"1448\" \/><img loading=\"lazy\" decoding=\"async\" class=\"aligncenter\" alt=\"\" src=\"http:\/\/2.bp.blogspot.com\/-AWz70w9wFog\/U9Di-H2bJNI\/AAAAAAAAJk4\/PuxvLTLWifk\/s1600\/Comp+Som+Livre+Lado+2.jpg\" width=\"1466\" height=\"1476\" \/>Para completar, vou incluindo no toque de hoje mais um compacto pronto pra consumo. Um disquinho importante lan\u00e7ado pela Som Livre em 1972, apresentando o cantor e compositor mineiro Sirlan em seu disco de estreia, trazendo como atra\u00e7\u00e3o principal a m\u00fasica &#8220;Viva Zap\u00e1tria&#8221;, que naquele mesmo ano havia participado do VII Festival Internacional da Can\u00e7\u00e3<a href=\"http:\/\/depositfiles.org\/files\/6calcku46\" target=\"_blank\">o<\/a>.<\/p>\n<div style=\"text-align: center;\">viva zap\u00e1tria<\/div>\n<div style=\"text-align: center;\">super her\u00f3i<\/div>\n<div style=\"text-align: center;\"><\/div>\n<div style=\"text-align: center;\">.<\/div>\n","protected":false},"excerpt":{"rendered":"<p>Para completar, vou incluindo no toque de hoje mais um compacto pronto pra consumo. Um disquinho importante lan\u00e7ado pela Som Livre em 1972, apresentando o cantor e compositor mineiro Sirlan em seu disco de estreia, trazendo como atra\u00e7\u00e3o principal a &hellip; <a href=\"https:\/\/www.toque-musicall.com\/?p=4339\">Continue lendo <span class=\"meta-nav\">&rarr;<\/span><\/a><\/p>\n","protected":false},"author":1,"featured_media":0,"comment_status":"open","ping_status":"closed","sticky":false,"template":"","format":"standard","meta":{"footnotes":""},"categories":[93,66,1880],"tags":[],"class_list":["post-4339","post","type-post","status-publish","format-standard","hentry","category-compactos","category-selo-som-livre","category-sirlan"],"_links":{"self":[{"href":"https:\/\/www.toque-musicall.com\/index.php?rest_route=\/wp\/v2\/posts\/4339","targetHints":{"allow":["GET"]}}],"collection":[{"href":"https:\/\/www.toque-musicall.com\/index.php?rest_route=\/wp\/v2\/posts"}],"about":[{"href":"https:\/\/www.toque-musicall.com\/index.php?rest_route=\/wp\/v2\/types\/post"}],"author":[{"embeddable":true,"href":"https:\/\/www.toque-musicall.com\/index.php?rest_route=\/wp\/v2\/users\/1"}],"replies":[{"embeddable":true,"href":"https:\/\/www.toque-musicall.com\/index.php?rest_route=%2Fwp%2Fv2%2Fcomments&post=4339"}],"version-history":[{"count":1,"href":"https:\/\/www.toque-musicall.com\/index.php?rest_route=\/wp\/v2\/posts\/4339\/revisions"}],"predecessor-version":[{"id":4340,"href":"https:\/\/www.toque-musicall.com\/index.php?rest_route=\/wp\/v2\/posts\/4339\/revisions\/4340"}],"wp:attachment":[{"href":"https:\/\/www.toque-musicall.com\/index.php?rest_route=%2Fwp%2Fv2%2Fmedia&parent=4339"}],"wp:term":[{"taxonomy":"category","embeddable":true,"href":"https:\/\/www.toque-musicall.com\/index.php?rest_route=%2Fwp%2Fv2%2Fcategories&post=4339"},{"taxonomy":"post_tag","embeddable":true,"href":"https:\/\/www.toque-musicall.com\/index.php?rest_route=%2Fwp%2Fv2%2Ftags&post=4339"}],"curies":[{"name":"wp","href":"https:\/\/api.w.org\/{rel}","templated":true}]}}