{"id":4343,"date":"2014-07-25T11:26:43","date_gmt":"2014-07-25T14:26:43","guid":{"rendered":"http:\/\/www.toque-musicall.com\/?p=4343"},"modified":"2014-07-27T17:07:33","modified_gmt":"2014-07-27T20:07:33","slug":"gilberto-gil-compactos-2014","status":"publish","type":"post","link":"https:\/\/www.toque-musicall.com\/?p=4343","title":{"rendered":"Gilberto Gil &#8211; Compactos (2014)"},"content":{"rendered":"<p><img loading=\"lazy\" decoding=\"async\" class=\"aligncenter\" alt=\"\" src=\"http:\/\/2.bp.blogspot.com\/-QldyZjsy8iI\/U9ULCO70__I\/AAAAAAAAJu0\/D6BqEpTqp-A\/s1600\/Capap.JPG\" width=\"1000\" height=\"1000\" \/><img loading=\"lazy\" decoding=\"async\" class=\"aligncenter\" alt=\"\" src=\"http:\/\/4.bp.blogspot.com\/-LzWqRqOqbH8\/U9ULS8CiRlI\/AAAAAAAAJu8\/0sGryYER84Y\/s1600\/Contra+P.JPG\" width=\"1000\" height=\"1000\" \/>Ol\u00e1, amigos cultos e ocultos! Para levantar a moral, hoje iremos com uma colet\u00e2nea de compactos. E nada melhor se for de um super artista, bacana como o Gilberto Gil. Por certo, as m\u00fasicas selecionadas aqui s\u00e3o de pleno conhecimento de todos e talvez n\u00e3o haja aqui nenhuma novidade. S\u00e3o quatro compactos do que considero ser sua melhor fase, os anos 60 e 70 \ud83d\ude42 Vale por ser Gil. Vale por ser j\u00f3ia! \ud83d\ude09 Fiz at\u00e9 capinh<a href=\"http:\/\/depositfiles.org\/files\/3pis7awti\" target=\"_blank\">a<\/a>!<\/p>\n<div style=\"text-align: center;\">lugar comum<\/div>\n<div style=\"text-align: center;\">jo\u00e3o sabino<\/div>\n<div style=\"text-align: center;\">aquele abra\u00e7o<\/div>\n<div style=\"text-align: center;\">dezessete l\u00e9gua e meia<\/div>\n<div style=\"text-align: center;\">o m\u00e1 iao<\/div>\n<div style=\"text-align: center;\">meio de campo<\/div>\n<div style=\"text-align: center;\">s\u00f3 quero um xod\u00f3<\/div>\n<div style=\"text-align: center;\">quest\u00e3o de ordem<\/div>\n<div style=\"text-align: center;\"><\/div>\n<div style=\"text-align: center;\">.<\/div>\n","protected":false},"excerpt":{"rendered":"<p>Ol\u00e1, amigos cultos e ocultos! Para levantar a moral, hoje iremos com uma colet\u00e2nea de compactos. E nada melhor se for de um super artista, bacana como o Gilberto Gil. Por certo, as m\u00fasicas selecionadas aqui s\u00e3o de pleno conhecimento &hellip; <a href=\"https:\/\/www.toque-musicall.com\/?p=4343\">Continue lendo <span class=\"meta-nav\">&rarr;<\/span><\/a><\/p>\n","protected":false},"author":1,"featured_media":0,"comment_status":"open","ping_status":"closed","sticky":false,"template":"","format":"standard","meta":{"footnotes":""},"categories":[249,93,45,48],"tags":[],"class_list":["post-4343","post","type-post","status-publish","format-standard","hentry","category-coletanea-toque-musical","category-compactos","category-gilberto-gil","category-selo-philips"],"_links":{"self":[{"href":"https:\/\/www.toque-musicall.com\/index.php?rest_route=\/wp\/v2\/posts\/4343","targetHints":{"allow":["GET"]}}],"collection":[{"href":"https:\/\/www.toque-musicall.com\/index.php?rest_route=\/wp\/v2\/posts"}],"about":[{"href":"https:\/\/www.toque-musicall.com\/index.php?rest_route=\/wp\/v2\/types\/post"}],"author":[{"embeddable":true,"href":"https:\/\/www.toque-musicall.com\/index.php?rest_route=\/wp\/v2\/users\/1"}],"replies":[{"embeddable":true,"href":"https:\/\/www.toque-musicall.com\/index.php?rest_route=%2Fwp%2Fv2%2Fcomments&post=4343"}],"version-history":[{"count":3,"href":"https:\/\/www.toque-musicall.com\/index.php?rest_route=\/wp\/v2\/posts\/4343\/revisions"}],"predecessor-version":[{"id":4346,"href":"https:\/\/www.toque-musicall.com\/index.php?rest_route=\/wp\/v2\/posts\/4343\/revisions\/4346"}],"wp:attachment":[{"href":"https:\/\/www.toque-musicall.com\/index.php?rest_route=%2Fwp%2Fv2%2Fmedia&parent=4343"}],"wp:term":[{"taxonomy":"category","embeddable":true,"href":"https:\/\/www.toque-musicall.com\/index.php?rest_route=%2Fwp%2Fv2%2Fcategories&post=4343"},{"taxonomy":"post_tag","embeddable":true,"href":"https:\/\/www.toque-musicall.com\/index.php?rest_route=%2Fwp%2Fv2%2Ftags&post=4343"}],"curies":[{"name":"wp","href":"https:\/\/api.w.org\/{rel}","templated":true}]}}