{"id":4347,"date":"2014-07-26T17:08:54","date_gmt":"2014-07-26T20:08:54","guid":{"rendered":"http:\/\/www.toque-musicall.com\/?p=4347"},"modified":"2014-07-27T17:18:19","modified_gmt":"2014-07-27T20:18:19","slug":"jul-26-adilson-ramos-leno-martinha-roberto-carlos-compactos-anos-60","status":"publish","type":"post","link":"https:\/\/www.toque-musicall.com\/?p=4347","title":{"rendered":"Adilson Ramos \/ Leno \/ Martinha \/ Roberto Carlos &#8211; Compactos Anos 60"},"content":{"rendered":"<p><img loading=\"lazy\" decoding=\"async\" class=\"aligncenter\" alt=\"\" src=\"http:\/\/2.bp.blogspot.com\/-8pMKUApNJ7s\/U9UerGKXQXI\/AAAAAAAAJvQ\/SlAPoOH4wpg\/s1600\/lado+A.JPG\" width=\"650\" height=\"647\" \/><img loading=\"lazy\" decoding=\"async\" class=\"aligncenter\" alt=\"\" src=\"http:\/\/3.bp.blogspot.com\/-K14gBNDwUiU\/U9Ue0XWawLI\/AAAAAAAAJvY\/u1lkY0eyCgk\/s1600\/lado+B.JPG\" width=\"720\" height=\"722\" \/><img loading=\"lazy\" decoding=\"async\" class=\"aligncenter\" alt=\"\" src=\"http:\/\/3.bp.blogspot.com\/-tUCr6Zm55MM\/U9UfF_Ga12I\/AAAAAAAAJvg\/aRRp8khQhhM\/s1600\/capa+b.JPG\" width=\"1311\" height=\"1315\" \/><img loading=\"lazy\" decoding=\"async\" class=\"aligncenter\" alt=\"\" src=\"http:\/\/2.bp.blogspot.com\/-M10gYMw9KyE\/U9UfOY0lBCI\/AAAAAAAAJvo\/DBRVdwlRYk4\/s1600\/capa.JPG\" width=\"1347\" height=\"1322\" \/><img loading=\"lazy\" decoding=\"async\" class=\"aligncenter\" alt=\"\" src=\"http:\/\/3.bp.blogspot.com\/-4QoLlrk5yC4\/U9UfpPa1EII\/AAAAAAAAJvw\/Cw43kA9kgpI\/s1600\/lado+ap.JPG\" width=\"1000\" height=\"986\" \/><img loading=\"lazy\" decoding=\"async\" class=\"aligncenter\" alt=\"\" src=\"http:\/\/1.bp.blogspot.com\/-Ndc0mxp4T8A\/U9UfvL9Bd2I\/AAAAAAAAJv4\/RoYMDW0z2vw\/s1600\/lado+bp.JPG\" width=\"1000\" height=\"985\" \/><img loading=\"lazy\" decoding=\"async\" class=\"aligncenter\" alt=\"\" src=\"http:\/\/1.bp.blogspot.com\/-FGvKRrAPtoY\/U9UgND_iwII\/AAAAAAAAJwA\/dttmX157zDo\/s1600\/lado+Ap.JPG\" width=\"1000\" height=\"984\" \/><img loading=\"lazy\" decoding=\"async\" class=\"aligncenter\" alt=\"\" src=\"http:\/\/1.bp.blogspot.com\/-FFH7qfVEEc8\/U9UgUkBtIwI\/AAAAAAAAJwI\/cehDI127gtI\/s1600\/lado+Bp.JPG\" width=\"1000\" height=\"976\" \/><\/p>\n<p>Boa tarde, amigos cultos e ocultos! Vai me dando um desespero esse neg\u00f3cio de postar compactos. Um por dia, talvez por s\u00f3 ter duas ou quatro m\u00fasicas, fico com a sensa\u00e7\u00e3o de que est\u00e1 faltando alguma coisa. Da\u00ed eu apelo e vou logo\u00a0 postando mais alguns. Hoje n\u00e3o vai ser diferente, ou por outra, dentro das diferen\u00e7as, aqui v\u00e3o quatro compactos lan\u00e7ados nos anos 60. Buscando manter uma certa uniformidade, escolhi quatro disquinhos que tem em comum a Jovem Guarda. Por incr\u00edvel que pare\u00e7a, o compacto que n\u00e3o tem nada de Jovem Guarda \u00e9 o do Roberto Carlos, que traz na verdade dois sambas em grava\u00e7\u00f5es de 1967. Os demais, Adilson Ramos, Leno e Martinha, todos da gera\u00e7\u00e3o JG, aparecem individualmente em seus respectivos compactos fazendo uma mostra do que era o tal movimento. Acredito que todos esses quatro disquinhos, ou m\u00fasicas, j\u00e1 tenham sido apresentados em outros blogs. Mas como eu j\u00e1 deixei h\u00e1 tempos de ser um garimpeiro de m\u00fasicas na Internet, ando meio por fora do que tem rolado nas outras pra\u00e7as. Segue assim este bloco com quatro discos diferentes, ok?<\/p>\n<div style=\"text-align: center;\">meu karmann ghia &#8211; adilson ramos<\/div>\n<div style=\"text-align: center;\">feliz por te amar &#8211; adilson ramos<\/div>\n<div style=\"text-align: center;\">a pobreza &#8211; leno<\/div>\n<div style=\"text-align: center;\">me deixe em paz &#8211; leno<\/div>\n<div style=\"text-align: center;\">barra limpa &#8211; martinha<\/div>\n<div style=\"text-align: center;\">n\u00e3o brinque assim &#8211; martinha<\/div>\n<div style=\"text-align: center;\">maria, carnaval e cinzas &#8211; roberto carlos<\/div>\n<div style=\"text-align: center;\">ai que saudades da am\u00e9lia &#8211; roberto carlos<\/div>\n<div style=\"text-align: center;\"><\/div>\n<div style=\"text-align: center;\">.<\/div>\n","protected":false},"excerpt":{"rendered":"<p>Boa tarde, amigos cultos e ocultos! Vai me dando um desespero esse neg\u00f3cio de postar compactos. Um por dia, talvez por s\u00f3 ter duas ou quatro m\u00fasicas, fico com a sensa\u00e7\u00e3o de que est\u00e1 faltando alguma coisa. Da\u00ed eu apelo &hellip; <a href=\"https:\/\/www.toque-musicall.com\/?p=4347\">Continue lendo <span class=\"meta-nav\">&rarr;<\/span><\/a><\/p>\n","protected":false},"author":1,"featured_media":0,"comment_status":"open","ping_status":"closed","sticky":false,"template":"","format":"standard","meta":{"footnotes":""},"categories":[2407,93,2408,1606,766,178,2409,70],"tags":[],"class_list":["post-4347","post","type-post","status-publish","format-standard","hentry","category-adilson-ramos","category-compactos","category-leno","category-martinha","category-roberto-carlos","category-selo-cbs","category-selo-fdrau","category-selo-rca-victor"],"_links":{"self":[{"href":"https:\/\/www.toque-musicall.com\/index.php?rest_route=\/wp\/v2\/posts\/4347","targetHints":{"allow":["GET"]}}],"collection":[{"href":"https:\/\/www.toque-musicall.com\/index.php?rest_route=\/wp\/v2\/posts"}],"about":[{"href":"https:\/\/www.toque-musicall.com\/index.php?rest_route=\/wp\/v2\/types\/post"}],"author":[{"embeddable":true,"href":"https:\/\/www.toque-musicall.com\/index.php?rest_route=\/wp\/v2\/users\/1"}],"replies":[{"embeddable":true,"href":"https:\/\/www.toque-musicall.com\/index.php?rest_route=%2Fwp%2Fv2%2Fcomments&post=4347"}],"version-history":[{"count":2,"href":"https:\/\/www.toque-musicall.com\/index.php?rest_route=\/wp\/v2\/posts\/4347\/revisions"}],"predecessor-version":[{"id":4349,"href":"https:\/\/www.toque-musicall.com\/index.php?rest_route=\/wp\/v2\/posts\/4347\/revisions\/4349"}],"wp:attachment":[{"href":"https:\/\/www.toque-musicall.com\/index.php?rest_route=%2Fwp%2Fv2%2Fmedia&parent=4347"}],"wp:term":[{"taxonomy":"category","embeddable":true,"href":"https:\/\/www.toque-musicall.com\/index.php?rest_route=%2Fwp%2Fv2%2Fcategories&post=4347"},{"taxonomy":"post_tag","embeddable":true,"href":"https:\/\/www.toque-musicall.com\/index.php?rest_route=%2Fwp%2Fv2%2Ftags&post=4347"}],"curies":[{"name":"wp","href":"https:\/\/api.w.org\/{rel}","templated":true}]}}