{"id":435,"date":"2011-06-09T14:05:00","date_gmt":"2011-06-09T14:05:00","guid":{"rendered":"http:\/\/www.toque-musicall.com\/?p=435"},"modified":"2011-06-09T14:05:00","modified_gmt":"2011-06-09T14:05:00","slug":"noite-ilustrada-cara-de-boboca-1960","status":"publish","type":"post","link":"https:\/\/www.toque-musicall.com\/?p=435","title":{"rendered":"Noite Ilustrada &#8211; Cara De Boboca (1960)"},"content":{"rendered":"<div style=\"clear: both; text-align: center;\"><a href=\"http:\/\/3.bp.blogspot.com\/-j3lNj4dgowU\/TfC3nNDpigI\/AAAAAAAAIGA\/ytj2aL2lXCQ\/s1600\/noite+P.JPG\" style=\"margin-left: 1em; margin-right: 1em;\"><img loading=\"lazy\" decoding=\"async\" border=\"0\" height=\"400\" src=\"http:\/\/3.bp.blogspot.com\/-j3lNj4dgowU\/TfC3nNDpigI\/AAAAAAAAIGA\/ytj2aL2lXCQ\/s400\/noite+P.JPG\" width=\"395\" \/><\/a><\/div>\n<p>Bom dia, amigos cultos e ocultos! Hoje eu estou trazendo para voc\u00eas o &#8220;Cara de boboca&#8221;, disco gravado pelo Noite Ilustrada em 1960. Este \u00e1lbum, eu h\u00e1 muito tempo queria t\u00ea-lo postado, s\u00f3 n\u00e3o o fiz antes porque o \u00e1lbum que eu tinha, embora &#8216;zero bala&#8217; (novinho), apresentava um defeito de prensagem no lado B. Consegui, dias atr\u00e1s, um outro exemplar, tamb\u00e9m muito conservado. Mas foi s\u00f3 eu colocar o disco no prato e tocar para perceber que o tal erro de prensagem tamb\u00e9m aparecia. Procurei na rede pelo \u00e1lbum e baixei, por sinal \u00e9 ainda o mesmo arquivo do Zeca Loronix se replicando por a\u00ed. Mais uma vez constatei que o erro era geral. Atrav\u00e9s de um amigo que conheceu o Noite Ilustrada, fiquei sabendo que este disco, na primeira prensagem, tinha mesmo um defeito nos sulcos. Quando eles deram conta disso, muitos j\u00e1 haviam sido vendidos. Diante ao inevit\u00e1vel e considerando que eu j\u00e1 estava no embalo de post\u00e1-lo, o jeito foi recorrer ao Sound Forge para tentar dar uma reduzida no problema. N\u00e3o ficou 10, mas deu para passar na m\u00e9dia.<br \/>Entre tantos discos lan\u00e7ados pelo Ilustrada, este \u00e9 talvez o que eu mais gosto. Um disco cheio de sambas sincopados que mesmo o mais insens\u00edvel \u00e9 capaz de bater o pezinho. As letras tamb\u00e9m s\u00e3o \u00f3timas, hist\u00f3rias de malandros, sambistas, gente do morro&#8230; a realidade daqueles tempos caricaturada no samba.<br \/>Outro fato interessante neste exemplar \u00e9 uma dedicat\u00f3ria com aut\u00f3grafo feito a caneta no verso da capa pelo Ilustrada ao seu amigo, o Sr Nicolino Del Bosco. A minha curiosidade me fez ent\u00e3o procurar na rede sobre o tal Nicolino. Descobri que ele foi um colecionador de artistas. Um santista apaixonado pelo cinema e a m\u00fasica, que come\u00e7ou ainda na juventude se corresponder com seus artistas prediletos. Ele se correspondia com os grandes artistas de Hollywood e foi cicerone de muitos que passaram por Santos, vindos de navio conhecer o pa\u00eds. Segundo contam, ele tinha um acervo enorme de fotos, cartas, discos&#8230; Era amigo de Carmen Miranda e de praticamente todos os grandes artistas brasileiros, das d\u00e9cadas de 30 aos anos 60. Li num site que esse senhor, ainda vivo, pretendia passar o seu acervo para alguma entidade cultural da cidade de Santos. N\u00e3o sei se isso foi feito, se existe na cidade algum museu ou coisa parecida preservando seu rico material. Provavelmente n\u00e3o, a tomar por este disco do Noite Ilustrada, que certamente fazia parte do acervo. No Mercado Livre tamb\u00e9m eu encontrei uma s\u00e9rie de itens (fotos e discos) que um dia foi do &#8216;amigo dos artistas&#8217;. Quer comprar? Vai l\u00e1&#8230; Nessa hora \u00e9 que eu penso: aquilo que para alguns \u00e9 paix\u00e3o, para outros \u00e9 fazer dinheiro.<\/p>\n<div style=\"text-align: center;\">cara de boboca<\/div>\n<div style=\"text-align: center;\">playboy<\/div>\n<div style=\"text-align: center;\">diabo de saia<\/div>\n<div style=\"text-align: center;\">escureceu<\/div>\n<div style=\"text-align: center;\">cad\u00ea cidinha<\/div>\n<div style=\"text-align: center;\">compreen\u00e7\u00e3o<\/div>\n<div style=\"text-align: center;\">castiguei<\/div>\n<div style=\"text-align: center;\">nada me embara\u00e7a<\/div>\n<div style=\"text-align: center;\">danada cegonha<\/div>\n<div style=\"text-align: center;\">\u00e9 doloroso<\/div>\n<div style=\"text-align: center;\">conselho<\/div>\n<div style=\"text-align: center;\">ai lourinha<\/div>\n<div style=\"text-align: center;\"><\/div>\n","protected":false},"excerpt":{"rendered":"<p>Bom dia, amigos cultos e ocultos! Hoje eu estou trazendo para voc\u00eas o &#8220;Cara de boboca&#8221;, disco gravado pelo Noite Ilustrada em 1960. Este \u00e1lbum, eu h\u00e1 muito tempo queria t\u00ea-lo postado, s\u00f3 n\u00e3o o fiz antes porque o \u00e1lbum &hellip; <a href=\"https:\/\/www.toque-musicall.com\/?p=435\">Continue lendo <span class=\"meta-nav\">&rarr;<\/span><\/a><\/p>\n","protected":false},"author":1,"featured_media":0,"comment_status":"open","ping_status":"closed","sticky":false,"template":"","format":"standard","meta":{"footnotes":""},"categories":[194,184],"tags":[],"class_list":["post-435","post","type-post","status-publish","format-standard","hentry","category-noite-ilustrada","category-selo-mocambo"],"_links":{"self":[{"href":"https:\/\/www.toque-musicall.com\/index.php?rest_route=\/wp\/v2\/posts\/435","targetHints":{"allow":["GET"]}}],"collection":[{"href":"https:\/\/www.toque-musicall.com\/index.php?rest_route=\/wp\/v2\/posts"}],"about":[{"href":"https:\/\/www.toque-musicall.com\/index.php?rest_route=\/wp\/v2\/types\/post"}],"author":[{"embeddable":true,"href":"https:\/\/www.toque-musicall.com\/index.php?rest_route=\/wp\/v2\/users\/1"}],"replies":[{"embeddable":true,"href":"https:\/\/www.toque-musicall.com\/index.php?rest_route=%2Fwp%2Fv2%2Fcomments&post=435"}],"version-history":[{"count":0,"href":"https:\/\/www.toque-musicall.com\/index.php?rest_route=\/wp\/v2\/posts\/435\/revisions"}],"wp:attachment":[{"href":"https:\/\/www.toque-musicall.com\/index.php?rest_route=%2Fwp%2Fv2%2Fmedia&parent=435"}],"wp:term":[{"taxonomy":"category","embeddable":true,"href":"https:\/\/www.toque-musicall.com\/index.php?rest_route=%2Fwp%2Fv2%2Fcategories&post=435"},{"taxonomy":"post_tag","embeddable":true,"href":"https:\/\/www.toque-musicall.com\/index.php?rest_route=%2Fwp%2Fv2%2Ftags&post=435"}],"curies":[{"name":"wp","href":"https:\/\/api.w.org\/{rel}","templated":true}]}}