{"id":4350,"date":"2014-07-27T22:31:21","date_gmt":"2014-07-28T01:31:21","guid":{"rendered":"http:\/\/www.toque-musicall.com\/?p=4350"},"modified":"2014-07-27T22:31:21","modified_gmt":"2014-07-28T01:31:21","slug":"astrud-gilberto-eliana-pittman-compactos-1969-e-78","status":"publish","type":"post","link":"https:\/\/www.toque-musicall.com\/?p=4350","title":{"rendered":"Astrud Gilberto \/ Eliana Pittman &#8211; Compactos (1969 e 78)"},"content":{"rendered":"<p><img loading=\"lazy\" decoding=\"async\" class=\"aligncenter\" alt=\"\" src=\"http:\/\/3.bp.blogspot.com\/-oHOGy8RMtC8\/U9WbqD7IETI\/AAAAAAAAJwg\/O6eHLXu6VgY\/s1600\/lado+Ap.JPG\" width=\"1000\" height=\"954\" \/><img loading=\"lazy\" decoding=\"async\" class=\"aligncenter\" alt=\"\" src=\"http:\/\/1.bp.blogspot.com\/-F6WcOiUR8oo\/U9WbvtVyHJI\/AAAAAAAAJwo\/2VjdRprFaLs\/s1600\/lado+Bp.JPG\" width=\"1000\" height=\"958\" \/><img loading=\"lazy\" decoding=\"async\" class=\"aligncenter\" alt=\"\" src=\"http:\/\/1.bp.blogspot.com\/-tbZ837fnye8\/U9WcV84IqiI\/AAAAAAAAJww\/a7XwpSDhc9k\/s1600\/capap.JPG\" width=\"1000\" height=\"1005\" \/><img loading=\"lazy\" decoding=\"async\" class=\"aligncenter\" alt=\"\" src=\"http:\/\/1.bp.blogspot.com\/-e4Ibk4385B8\/U9Wcc-HcXcI\/AAAAAAAAJw4\/WzrkDqYweGs\/s1600\/contrap.JPG\" width=\"1000\" height=\"1012\" \/>Boa noite, amigos cultos e ocultos! Segue aqui mais uma boa postagem para fecharmos bem o doming\u00e3o. Vamos desta vez com dois compactos privilegiando as vozes das cantoras Astrud Gilberto e Eliana Pittman. Uma dobradinha que ca\u00ed bem, n\u00e3o acham?<br \/>\nAstrud vem num compacto do selo americano Verve, lan\u00e7ado por aqui em 1969, trazendo &#8220;Without him&#8221;, do cantor Harry Nilsson e o tema do filme &#8220;Romeu e Julieta&#8221;, &#8220;A Time For Us&#8221;. Na sequ\u00eancia vem a Eliana Pittman em um compacto duplo pela RCA Victor, de 1978, que mais parece lp, de t\u00e3o recheado. S\u00e3o quatro faixas, mas com sete m\u00fasicas e participa\u00e7\u00e3o de C\u00e9sar Costa Filho. T\u00e1 tudo a\u00ed na capa, olha s\u00f3&#8230;<br \/>\nTestando a audi\u00eancia, pergunto e espero respostas: Ser\u00e1 que os amigos ainda querem ir na onda dos compactos? Ou vamos de volta aos lps e outras grava\u00e7\u00f5es? Estou no aguar<a href=\"http:\/\/depositfiles.org\/files\/r8ogvtbgz\" target=\"_blank\">d<\/a><a href=\"http:\/\/depositfiles.org\/files\/44uuhzisf\" target=\"_blank\">o<\/a>&#8230; \ud83d\ude09<\/p>\n<div style=\"text-align: center;\">a time for us &#8211; astrud gilberto<\/div>\n<div style=\"text-align: center;\">without him &#8211; astrud gilberto<\/div>\n<div style=\"text-align: center;\">pra l\u00e1 e pra c\u00e1 &#8211; eliana pittman<\/div>\n<div style=\"text-align: center;\">i go to rio &#8211; eliana pittman<\/div>\n<div style=\"text-align: center;\">escola de samba &#8211; eliana pittman<\/div>\n<div style=\"text-align: center;\">mistura dos anos 20:<\/div>\n<div style=\"text-align: center;\">gavi\u00e3o cascudo,<\/div>\n<div style=\"text-align: center;\">nosso ranchinho,<\/div>\n<div style=\"text-align: center;\">cristo nasceu na bahia &#8211; eliana pittman<\/div>\n<div style=\"text-align: center;\"><\/div>\n<div style=\"text-align: center;\">.<\/div>\n","protected":false},"excerpt":{"rendered":"<p>Boa noite, amigos cultos e ocultos! Segue aqui mais uma boa postagem para fecharmos bem o doming\u00e3o. Vamos desta vez com dois compactos privilegiando as vozes das cantoras Astrud Gilberto e Eliana Pittman. Uma dobradinha que ca\u00ed bem, n\u00e3o acham? &hellip; <a href=\"https:\/\/www.toque-musicall.com\/?p=4350\">Continue lendo <span class=\"meta-nav\">&rarr;<\/span><\/a><\/p>\n","protected":false},"author":1,"featured_media":0,"comment_status":"open","ping_status":"closed","sticky":false,"template":"","format":"standard","meta":{"footnotes":""},"categories":[306,93,788,70,305],"tags":[],"class_list":["post-4350","post","type-post","status-publish","format-standard","hentry","category-astrud-gilberto","category-compactos","category-eliana-pittman","category-selo-rca-victor","category-selo-verve"],"_links":{"self":[{"href":"https:\/\/www.toque-musicall.com\/index.php?rest_route=\/wp\/v2\/posts\/4350","targetHints":{"allow":["GET"]}}],"collection":[{"href":"https:\/\/www.toque-musicall.com\/index.php?rest_route=\/wp\/v2\/posts"}],"about":[{"href":"https:\/\/www.toque-musicall.com\/index.php?rest_route=\/wp\/v2\/types\/post"}],"author":[{"embeddable":true,"href":"https:\/\/www.toque-musicall.com\/index.php?rest_route=\/wp\/v2\/users\/1"}],"replies":[{"embeddable":true,"href":"https:\/\/www.toque-musicall.com\/index.php?rest_route=%2Fwp%2Fv2%2Fcomments&post=4350"}],"version-history":[{"count":1,"href":"https:\/\/www.toque-musicall.com\/index.php?rest_route=\/wp\/v2\/posts\/4350\/revisions"}],"predecessor-version":[{"id":4351,"href":"https:\/\/www.toque-musicall.com\/index.php?rest_route=\/wp\/v2\/posts\/4350\/revisions\/4351"}],"wp:attachment":[{"href":"https:\/\/www.toque-musicall.com\/index.php?rest_route=%2Fwp%2Fv2%2Fmedia&parent=4350"}],"wp:term":[{"taxonomy":"category","embeddable":true,"href":"https:\/\/www.toque-musicall.com\/index.php?rest_route=%2Fwp%2Fv2%2Fcategories&post=4350"},{"taxonomy":"post_tag","embeddable":true,"href":"https:\/\/www.toque-musicall.com\/index.php?rest_route=%2Fwp%2Fv2%2Ftags&post=4350"}],"curies":[{"name":"wp","href":"https:\/\/api.w.org\/{rel}","templated":true}]}}