{"id":4354,"date":"2014-07-29T22:27:02","date_gmt":"2014-07-30T01:27:02","guid":{"rendered":"http:\/\/www.toque-musicall.com\/?p=4354"},"modified":"2014-07-30T09:52:27","modified_gmt":"2014-07-30T12:52:27","slug":"lyra-da-alegria-ai-vem-a-lyra-1963","status":"publish","type":"post","link":"https:\/\/www.toque-musicall.com\/?p=4354","title":{"rendered":"Lyra Da Alegria &#8211; A\u00ed Vem A Lyra (1963)"},"content":{"rendered":"<p><img loading=\"lazy\" decoding=\"async\" class=\"aligncenter\" alt=\"\" src=\"http:\/\/3.bp.blogspot.com\/-mT1huBsOuqE\/U9i5Qt9rEaI\/AAAAAAAAJzQ\/UvbTBEnhs-Q\/s1600\/capa+Fp.JPG\" width=\"1000\" height=\"984\" \/><img loading=\"lazy\" decoding=\"async\" class=\"aligncenter\" alt=\"\" src=\"http:\/\/4.bp.blogspot.com\/-M2AlBbZ1cew\/U9i5cBoEpWI\/AAAAAAAAJzY\/EjnwwZ7F3vE\/s1600\/contrap.JPG\" width=\"1000\" height=\"1002\" \/>Boa noite, amigos cultos e ocultos! Voltamos aos lps. Mas nunca esquecendo o compacto, que vez por outra continuar\u00e3o a pipocar por aqui. Iniciando a semana, vamos hoje com a &#8220;Lyra da Alegria &#8211; A\u00ed vem a Lyra&#8221;, um disco bem interessante, mas que curiosamente nos omite alguns dados b\u00e1sicos como o quem seria essa banda &#8220;Lyra da Alegria&#8221;. Tamb\u00e9m n\u00e3o consta a data de seu lan\u00e7amento. Por outro lado (literalmente), o pessoal da Odeon aproveitou a contracapa para nos explicar o que \u00e9 uma Lyra e ainda para se justificar, nos deu a ficha t\u00e9cnica da produ\u00e7\u00e3o da capa, artista gr\u00e1fico, fot\u00f3grafo, artista da obra fotografada para a capa e nome dos colecionadores da obra de arte. Informa\u00e7\u00f5es t\u00e9cnicas e sobre os m\u00fasicos que participam dessa Lyra ficou faltando, o que nos leva a crer que se trata de um lan\u00e7amento de ocasi\u00e3o. Seria a Lyra de Xopot\u00f3? Ou por outra, seriam os mesmos m\u00fasicos e os arranjos de Lirio Panicalli? Bem que parece. Parece porque a Lyra da Alegria \u00e9 a reencarna\u00e7\u00e3o da Lyra de Xopot\u00f3 em todos os sentidos. Talvez seja a mesma, com a altera\u00e7\u00e3o do nome por raz\u00f5es contratuais, ou coisa assim. A Lyra de Xopot\u00f3 gravava pela Sinter e em 1960 estaria pendurando as chuteiras, s\u00f3 voltando a ativa nos anos 70 pela Copacabana. Nesse hiato, a Odeon aproveitou para lan\u00e7ar a sua Lyra da Alegria.<br \/>\nComo se pode ver pela capa, temos uma sele\u00e7\u00e3o musical e carnavalesca muito boa, com grandes sucessos da \u00e9poca e alguns at\u00e9 bem mais antigos. Pelo repert\u00f3rio e tudo mais, suponho que este \u00e1lbum tenha sido lan\u00e7ado entre 63 ou 6<a href=\"http:\/\/depositfiles.org\/files\/w8tmcom7m\" target=\"_blank\">4<\/a>.<\/p>\n<div style=\"text-align: center;\">pierrot<\/div>\n<div style=\"text-align: center;\">a lua \u00e9 dos namorados<\/div>\n<div style=\"text-align: center;\">vai com jeito<\/div>\n<div style=\"text-align: center;\">pierrot 2000<\/div>\n<div style=\"text-align: center;\">a sogra vem a\u00ed<\/div>\n<div style=\"text-align: center;\">balzaqueana<\/div>\n<div style=\"text-align: center;\">pedro das flores<\/div>\n<div style=\"text-align: center;\">\u00edndio que apito<\/div>\n<div style=\"text-align: center;\">evoca\u00e7\u00e3o<\/div>\n<div style=\"text-align: center;\">z\u00e9 de concei\u00e7\u00e3o<\/div>\n<div style=\"text-align: center;\">sempre oluar<\/div>\n<div style=\"text-align: center;\">a cartomante<\/div>\n<div style=\"text-align: center;\"><\/div>\n<div style=\"text-align: center;\">.<\/div>\n","protected":false},"excerpt":{"rendered":"<p>Boa noite, amigos cultos e ocultos! Voltamos aos lps. Mas nunca esquecendo o compacto, que vez por outra continuar\u00e3o a pipocar por aqui. Iniciando a semana, vamos hoje com a &#8220;Lyra da Alegria &#8211; A\u00ed vem a Lyra&#8221;, um disco &hellip; <a href=\"https:\/\/www.toque-musicall.com\/?p=4354\">Continue lendo <span class=\"meta-nav\">&rarr;<\/span><\/a><\/p>\n","protected":false},"author":1,"featured_media":0,"comment_status":"open","ping_status":"closed","sticky":false,"template":"","format":"standard","meta":{"footnotes":""},"categories":[2410,86],"tags":[],"class_list":["post-4354","post","type-post","status-publish","format-standard","hentry","category-lyra-da-alegria","category-selo-odeon"],"_links":{"self":[{"href":"https:\/\/www.toque-musicall.com\/index.php?rest_route=\/wp\/v2\/posts\/4354","targetHints":{"allow":["GET"]}}],"collection":[{"href":"https:\/\/www.toque-musicall.com\/index.php?rest_route=\/wp\/v2\/posts"}],"about":[{"href":"https:\/\/www.toque-musicall.com\/index.php?rest_route=\/wp\/v2\/types\/post"}],"author":[{"embeddable":true,"href":"https:\/\/www.toque-musicall.com\/index.php?rest_route=\/wp\/v2\/users\/1"}],"replies":[{"embeddable":true,"href":"https:\/\/www.toque-musicall.com\/index.php?rest_route=%2Fwp%2Fv2%2Fcomments&post=4354"}],"version-history":[{"count":1,"href":"https:\/\/www.toque-musicall.com\/index.php?rest_route=\/wp\/v2\/posts\/4354\/revisions"}],"predecessor-version":[{"id":4355,"href":"https:\/\/www.toque-musicall.com\/index.php?rest_route=\/wp\/v2\/posts\/4354\/revisions\/4355"}],"wp:attachment":[{"href":"https:\/\/www.toque-musicall.com\/index.php?rest_route=%2Fwp%2Fv2%2Fmedia&parent=4354"}],"wp:term":[{"taxonomy":"category","embeddable":true,"href":"https:\/\/www.toque-musicall.com\/index.php?rest_route=%2Fwp%2Fv2%2Fcategories&post=4354"},{"taxonomy":"post_tag","embeddable":true,"href":"https:\/\/www.toque-musicall.com\/index.php?rest_route=%2Fwp%2Fv2%2Ftags&post=4354"}],"curies":[{"name":"wp","href":"https:\/\/api.w.org\/{rel}","templated":true}]}}