{"id":436,"date":"2011-06-08T12:04:00","date_gmt":"2011-06-08T12:04:00","guid":{"rendered":"http:\/\/www.toque-musicall.com\/?p=436"},"modified":"2011-06-08T12:04:00","modified_gmt":"2011-06-08T12:04:00","slug":"i-festival-da-musica-popular-brasileira-no-maranhao-1972","status":"publish","type":"post","link":"https:\/\/www.toque-musicall.com\/?p=436","title":{"rendered":"I Festival Da M\u00fasica Popular Brasileira No Maranh\u00e3o (1972)"},"content":{"rendered":"<div style=\"clear: both; text-align: center;\"><a href=\"http:\/\/2.bp.blogspot.com\/-OeYwfDGdXJY\/Te9SyJIQqzI\/AAAAAAAAIFo\/NnU1PGNTnaY\/s1600\/Festival+P.JPG\" style=\"margin-left: 1em; margin-right: 1em;\"><img loading=\"lazy\" decoding=\"async\" border=\"0\" height=\"400\" src=\"http:\/\/2.bp.blogspot.com\/-OeYwfDGdXJY\/Te9SyJIQqzI\/AAAAAAAAIFo\/NnU1PGNTnaY\/s400\/Festival+P.JPG\" width=\"398\" \/><\/a><\/div>\n<p><span style=\"font-family: Georgia, 'Times New Roman', 'Bitstream Charter', Times, serif; font-size: 13px; line-height: 19px;\">Bom dia! A gripe parece que me pegou mesmo. Por essa raz\u00e3o eu hoje vou ficar de molho, quietinho em casa e s\u00f3 no mingau e na sopa. T\u00f4 numa moleza, num des\u00e2nimo&#8230; precisando voltar para a cama. Mas antes, vamos liberar logo a postagem do dia, que por sinal \u00e9 uma bela raridade e aqui, sempre completa \ud83d\ude09\u00a0<\/span><\/p>\n<div style=\"clear: both; text-align: center;\"><\/div>\n<p><span style=\"font-family: Georgia, 'Times New Roman', 'Bitstream Charter', Times, serif; font-size: 13px; line-height: 19px;\"><\/span><span style=\"font-family: Georgia, 'Times New Roman', 'Bitstream Charter', Times, serif; font-size: 13px; line-height: 19px;\">Tenho para hoje esse raro lp de festival, o I Festival de M\u00fasica Popular Brasileiro no Maranh\u00e3o, realizado em 1971. Ainda nesta \u00e9poca os festivais de m\u00fasica popular eram uma febre, faziam grande sucesso e se espalhavam pelo pa\u00eds. Em diversos Estados e cidades brasileiras aconteciam eventos desse tipo, festivais regionalizados, permitindo que os artistas, que por alguma raz\u00e3o n\u00e3o chegavam aos grandes centros, tivessem assim a sua oportunidade. Os festivais regionais foram muito importantes pois, tamb\u00e9m neles, surgiram grandes nomes da nossa m\u00fasica popular.\u00a0<\/span><br \/><span style=\"font-family: Georgia, 'Times New Roman', 'Bitstream Charter', Times, serif; font-size: 13px; line-height: 19px;\">O I Festival de M\u00fasica Popular Brasileira no Maranh\u00e3o foi realizado em setembro de 71 por iniciativa da Coordenadoria de Turismo e Cultura Popular de S\u00e3o Lu\u00eds. \u00a0Foram 130 o n\u00famero de inscritos, mas na peneirada selecionaram apenas 15 m\u00fasicas para a apresenta\u00e7\u00e3o p\u00fablica, que aconteceram no Gin\u00e1sio Costa Rodrigues. Sob os ausp\u00edcios da Prefeitura de S\u00e3o Luis e da Funda\u00e7\u00e3o do Bem Estar Social, as m\u00fasicas selecionadas (ficaram s\u00f3 doze) tiveram a chance de serem lan\u00e7adas em disco no ano seguinte. O \u00e1lbum foi gravado no Rio de Janeiro, tendo como diretor musical e arranjador o saudoso Paulo Moura.<\/span><br \/><span style=\"font-family: Georgia, 'Times New Roman', 'Bitstream Charter', Times, serif; font-size: 13px; line-height: 19px;\">As m\u00fasicas selecionadas s\u00e3o mesmo muito boas e a altura de qualquer festival nacional. \u00a0Teve entre seus participantes artistas de proje\u00e7\u00e3o como os grupos Os Atuais, Coral de Joab e elementos do Grupo Musa.<\/span><br \/><span style=\"font-family: Georgia, 'Times New Roman', 'Bitstream Charter', Times, serif; font-size: 13px; line-height: 19px;\">Ta\u00ed, mais um disco de festival que s\u00f3 mesmo em blogs musicais voc\u00eas ter\u00e3o a oportunidade de conhecer ou ouvir novamente. O toque est\u00e1 dado, agora \u00e9 s\u00f3 conferir \ud83d\ude09<\/span><br \/><span style=\"font-family: Georgia, 'Times New Roman', 'Bitstream Charter', Times, serif; font-size: 13px; line-height: 19px;\"><br \/><\/span><\/p>\n<div style=\"text-align: center;\"><span style=\"font-family: Georgia, 'Times New Roman', 'Bitstream Charter', Times, serif; font-size: 13px; line-height: 19px;\">toada antiga &#8211; os atuais<\/span><\/div>\n<div style=\"text-align: center;\"><span style=\"font-family: Georgia, 'Times New Roman', 'Bitstream Charter', Times, serif; font-size: 13px; line-height: 19px;\">mil horas &#8211; v\u00e2nia<\/span><\/div>\n<div style=\"text-align: center;\"><span style=\"font-family: Georgia, 'Times New Roman', 'Bitstream Charter', Times, serif; font-size: 13px; line-height: 19px;\">onde anda &#8211; zez\u00e9 e coral de joab<\/span><\/div>\n<div style=\"text-align: center;\"><span style=\"font-family: Georgia, 'Times New Roman', 'Bitstream Charter', Times, serif; font-size: 13px; line-height: 19px;\">fuga e antifuga &#8211; lyra matos<\/span><\/div>\n<div style=\"text-align: center;\"><span style=\"font-family: Georgia, 'Times New Roman', 'Bitstream Charter', Times, serif; font-size: 13px; line-height: 19px;\">boqueir\u00e3o &#8211; coral de joab<\/span><\/div>\n<div style=\"text-align: center;\"><span style=\"font-family: Georgia, 'Times New Roman', 'Bitstream Charter', Times, serif; font-size: 13px; line-height: 19px;\">bonzo &#8211; ubiratan<\/span><\/div>\n<div style=\"text-align: center;\"><span style=\"font-family: Georgia, 'Times New Roman', 'Bitstream Charter', Times, serif; font-size: 13px; line-height: 19px;\">como \u00e9 que vai &#8211; coral de joab<\/span><\/div>\n<div style=\"text-align: center;\"><span style=\"font-family: Georgia, 'Times New Roman', 'Bitstream Charter', Times, serif; font-size: 13px; line-height: 19px;\">sem compromisso &#8211; ubiratan e c\u00f4ro<\/span><\/div>\n<div style=\"text-align: center;\"><span style=\"font-family: Georgia, 'Times New Roman', 'Bitstream Charter', Times, serif; font-size: 13px; line-height: 19px;\">lamento de n\u00e3o estar aqui &#8211; lyra matos<\/span><\/div>\n<div style=\"text-align: center;\"><span style=\"font-family: Georgia, 'Times New Roman', 'Bitstream Charter', Times, serif; font-size: 13px; line-height: 19px;\">descompassado &#8211; os atuais<\/span><\/div>\n<div style=\"text-align: center;\"><span style=\"font-family: Georgia, 'Times New Roman', 'Bitstream Charter', Times, serif; font-size: 13px; line-height: 19px;\">ladeira &#8211; cosme teixeira e coral<\/span><\/div>\n<div style=\"text-align: center;\"><span style=\"font-family: Georgia, 'Times New Roman', 'Bitstream Charter', Times, serif; font-size: 13px; line-height: 19px;\">louva\u00e7\u00e3o de s\u00e3o lu\u00eds &#8211; lyra matos<\/span><\/div>\n<div style=\"text-align: center;\"><span style=\"font-family: Georgia, 'Times New Roman', 'Bitstream Charter', Times, serif; font-size: 13px; line-height: 19px;\"><br \/><\/span><\/div>\n<p><span style=\"font-family: Georgia, 'Times New Roman', 'Bitstream Charter', Times, serif; font-size: 13px; line-height: 19px;\"><br \/><\/span><\/p>\n","protected":false},"excerpt":{"rendered":"<p>Bom dia! A gripe parece que me pegou mesmo. Por essa raz\u00e3o eu hoje vou ficar de molho, quietinho em casa e s\u00f3 no mingau e na sopa. T\u00f4 numa moleza, num des\u00e2nimo&#8230; precisando voltar para a cama. Mas antes, &hellip; <a href=\"https:\/\/www.toque-musicall.com\/?p=436\">Continue lendo <span class=\"meta-nav\">&rarr;<\/span><\/a><\/p>\n","protected":false},"author":1,"featured_media":0,"comment_status":"open","ping_status":"closed","sticky":false,"template":"","format":"standard","meta":{"footnotes":""},"categories":[278,689,688],"tags":[],"class_list":["post-436","post","type-post","status-publish","format-standard","hentry","category-festivais","category-i-festival-da-musica-popular-brasileira-no-maranhao","category-selo-ritmos-codil"],"_links":{"self":[{"href":"https:\/\/www.toque-musicall.com\/index.php?rest_route=\/wp\/v2\/posts\/436","targetHints":{"allow":["GET"]}}],"collection":[{"href":"https:\/\/www.toque-musicall.com\/index.php?rest_route=\/wp\/v2\/posts"}],"about":[{"href":"https:\/\/www.toque-musicall.com\/index.php?rest_route=\/wp\/v2\/types\/post"}],"author":[{"embeddable":true,"href":"https:\/\/www.toque-musicall.com\/index.php?rest_route=\/wp\/v2\/users\/1"}],"replies":[{"embeddable":true,"href":"https:\/\/www.toque-musicall.com\/index.php?rest_route=%2Fwp%2Fv2%2Fcomments&post=436"}],"version-history":[{"count":0,"href":"https:\/\/www.toque-musicall.com\/index.php?rest_route=\/wp\/v2\/posts\/436\/revisions"}],"wp:attachment":[{"href":"https:\/\/www.toque-musicall.com\/index.php?rest_route=%2Fwp%2Fv2%2Fmedia&parent=436"}],"wp:term":[{"taxonomy":"category","embeddable":true,"href":"https:\/\/www.toque-musicall.com\/index.php?rest_route=%2Fwp%2Fv2%2Fcategories&post=436"},{"taxonomy":"post_tag","embeddable":true,"href":"https:\/\/www.toque-musicall.com\/index.php?rest_route=%2Fwp%2Fv2%2Ftags&post=436"}],"curies":[{"name":"wp","href":"https:\/\/api.w.org\/{rel}","templated":true}]}}