{"id":4378,"date":"2014-08-10T12:17:59","date_gmt":"2014-08-10T15:17:59","guid":{"rendered":"http:\/\/www.toque-musicall.com\/?p=4378"},"modified":"2014-08-10T12:17:59","modified_gmt":"2014-08-10T15:17:59","slug":"varios-e-sempre-o-papai-1960","status":"publish","type":"post","link":"https:\/\/www.toque-musicall.com\/?p=4378","title":{"rendered":"V\u00e1rios &#8211; \u00c9 Sempre O Papai (1960)"},"content":{"rendered":"<p><img loading=\"lazy\" decoding=\"async\" class=\"aligncenter\" alt=\"\" src=\"http:\/\/1.bp.blogspot.com\/-ZBO0xutQA48\/U-eAB4ON1YI\/AAAAAAAAJ4Q\/TQytdLa9zdM\/s1600\/capap.JPG\" width=\"1000\" height=\"997\" \/><img loading=\"lazy\" decoding=\"async\" class=\"aligncenter\" alt=\"\" src=\"http:\/\/2.bp.blogspot.com\/-PSi8QAd3-PQ\/U-eAH01OTwI\/AAAAAAAAJ4Y\/0Mkm0aKzKeA\/s1600\/contrap.JPG\" width=\"1000\" height=\"991\" \/>Bom dia, amigos cultos e ocultos! Eu estava mesmo esperando o dia de hoje chegar para postar este lp. N\u00e3o fosse meu filhote vir logo cedo com um baita sorriso e um presente na m\u00e3o, eu talvez nem me lembraria que hoje \u00e9 o Dia dos Pais. Ali\u00e1s, o que eu n\u00e3o lembraria \u00e9 deste disco, pois o mesmo ficou na gaveta esperando a sua hora. E comigo, tudo que fica no aguardo, corre sempre o risco de passar batido, passar do tempo&#8230; Mas felizmente eu me lembrei \ud83d\ude42<br \/>\nSegue ent\u00e3o o lp &#8220;\u00c9 sempre o papai&#8221;, \u00e1lbum lan\u00e7ado pela gravadora Copacabana em 1960, seguindo a mesma onda da RCA Victor, que no ano anterior havia lan\u00e7ado uma colet\u00e2nea assim com alguns dos artistas da casa. A Copacabana fez o mesmo e lan\u00e7ou em 1960 este \u00e1lbum, explorando o tema do Dia dos Pais. Reuniu alguns de seus melhores e mais populares artistas para conceber esta colet\u00e2nea com onze faixas, todas com refer\u00eancia ao Papai. Como podemos ver logo a baixo, na rela\u00e7\u00e3o, temos um grupo de artistas dos mais queridos do p\u00fablico e um repert\u00f3rio pontual, do Papai!<br \/>\nSendo o Toque Musical um espa\u00e7o onde tamb\u00e9m se escuta m\u00fasica com outros olhos, eu n\u00e3o poderia deixar de comentar esta curiosa capa. Vejam voc\u00eas, isso l\u00e1 \u00e9 jeito de segurar uma crian\u00e7a? Ou melhor dizendo, n\u00e3o podiam ter feito uma fotografia um pouquinho diferente? A impress\u00e3o que passa \u00e9 a de um homem espremendo a crian\u00e7a. Com aquelas duas m\u00e3ozonas na frente, parece at\u00e9 que ele est\u00e1 agredindo, ao inv\u00e9s de brincando. Ser\u00e1 que ningu\u00e9m percebeu isso na \u00e9poca? Ou ser\u00e1 que naquela \u00e9poca ningu\u00e9m se ligava nisso? Ah&#8230; vai entender&#8230; Feliz Dia dos Pai<a href=\"http:\/\/depositfiles.org\/files\/7llw7tjpi\" target=\"_blank\">s<\/a>!<\/p>\n<div style=\"text-align: center;\">apresenta\u00e7\u00e3o &#8211; floriana faissal<\/div>\n<div style=\"text-align: center;\">o sorriso do papai &#8211; carequinha, altamiro carrilho e c\u00f4ro infantil<\/div>\n<div style=\"text-align: center;\">meu pai &#8211; adelaide chiozzo e c\u00f4ro do club do guri<\/div>\n<div style=\"text-align: center;\">papai resolve &#8211; carequinha, altamiro carrilho e c\u00f4ro infantil<\/div>\n<div style=\"text-align: center;\">papai, mam\u00e3e e eu &#8211; angela maria<\/div>\n<div style=\"text-align: center;\">al\u00f4 papai &#8211; jorge veiga<\/div>\n<div style=\"text-align: center;\">\u00e9 sempre o papai &#8211; carequinha e jorge veiga<\/div>\n<div style=\"text-align: center;\">deus te aben\u00e7oe papai &#8211; angela maria e jo\u00e3o dias<\/div>\n<div style=\"text-align: center;\">o presente do papai &#8211; sonia delfino e c\u00f4ro do club do guri<\/div>\n<div style=\"text-align: center;\">papai \u00e9 o maior &#8211; carequinha, altamiro carrilho e c\u00f4ro infantil<\/div>\n<div style=\"text-align: center;\">dia do papai &#8211; zilda martins<\/div>\n<div style=\"text-align: center;\"><\/div>\n<div style=\"text-align: center;\">.<\/div>\n","protected":false},"excerpt":{"rendered":"<p>Bom dia, amigos cultos e ocultos! Eu estava mesmo esperando o dia de hoje chegar para postar este lp. N\u00e3o fosse meu filhote vir logo cedo com um baita sorriso e um presente na m\u00e3o, eu talvez nem me lembraria &hellip; <a href=\"https:\/\/www.toque-musicall.com\/?p=4378\">Continue lendo <span class=\"meta-nav\">&rarr;<\/span><\/a><\/p>\n","protected":false},"author":1,"featured_media":0,"comment_status":"open","ping_status":"closed","sticky":false,"template":"","format":"standard","meta":{"footnotes":""},"categories":[213,199,1058,1459,1131,152,651],"tags":[],"class_list":["post-4378","post","type-post","status-publish","format-standard","hentry","category-altamiro-carrilho","category-angela-maria","category-carequinha","category-joao-dias","category-jorge-veiga","category-selo-copacabana","category-sonia-delfino"],"_links":{"self":[{"href":"https:\/\/www.toque-musicall.com\/index.php?rest_route=\/wp\/v2\/posts\/4378","targetHints":{"allow":["GET"]}}],"collection":[{"href":"https:\/\/www.toque-musicall.com\/index.php?rest_route=\/wp\/v2\/posts"}],"about":[{"href":"https:\/\/www.toque-musicall.com\/index.php?rest_route=\/wp\/v2\/types\/post"}],"author":[{"embeddable":true,"href":"https:\/\/www.toque-musicall.com\/index.php?rest_route=\/wp\/v2\/users\/1"}],"replies":[{"embeddable":true,"href":"https:\/\/www.toque-musicall.com\/index.php?rest_route=%2Fwp%2Fv2%2Fcomments&post=4378"}],"version-history":[{"count":1,"href":"https:\/\/www.toque-musicall.com\/index.php?rest_route=\/wp\/v2\/posts\/4378\/revisions"}],"predecessor-version":[{"id":4379,"href":"https:\/\/www.toque-musicall.com\/index.php?rest_route=\/wp\/v2\/posts\/4378\/revisions\/4379"}],"wp:attachment":[{"href":"https:\/\/www.toque-musicall.com\/index.php?rest_route=%2Fwp%2Fv2%2Fmedia&parent=4378"}],"wp:term":[{"taxonomy":"category","embeddable":true,"href":"https:\/\/www.toque-musicall.com\/index.php?rest_route=%2Fwp%2Fv2%2Fcategories&post=4378"},{"taxonomy":"post_tag","embeddable":true,"href":"https:\/\/www.toque-musicall.com\/index.php?rest_route=%2Fwp%2Fv2%2Ftags&post=4378"}],"curies":[{"name":"wp","href":"https:\/\/api.w.org\/{rel}","templated":true}]}}