{"id":438,"date":"2011-06-06T12:26:00","date_gmt":"2011-06-06T12:26:00","guid":{"rendered":"http:\/\/www.toque-musicall.com\/?p=438"},"modified":"2011-06-06T12:26:00","modified_gmt":"2011-06-06T12:26:00","slug":"romanticos-de-cuba-na-italia-1965","status":"publish","type":"post","link":"https:\/\/www.toque-musicall.com\/?p=438","title":{"rendered":"Rom\u00e2nticos De Cuba &#8211; Na It\u00e1lia (1965)"},"content":{"rendered":"<div style=\"clear: both; text-align: center;\"><a href=\"http:\/\/2.bp.blogspot.com\/--wOpct4KmEA\/Tey0Hqt7hyI\/AAAAAAAAIFU\/RxENSgwgkl0\/s1600\/romanticos+P.JPG\" style=\"margin-left: 1em; margin-right: 1em;\"><img decoding=\"async\" border=\"0\" height=\"400px\" src=\"http:\/\/2.bp.blogspot.com\/--wOpct4KmEA\/Tey0Hqt7hyI\/AAAAAAAAIFU\/RxENSgwgkl0\/s400\/romanticos+P.JPG\" t8=\"true\" width=\"400px\" \/><\/a><\/div>\n<div style=\"clear: both; text-align: left;\">Bom dia a todos! Ontem aconteceu em Belo Horizonte a tradicional Festa Italiana da Savassi com dezenas de barraquinhas vendendo comidas t\u00edpicas, shows e mais de 60 mil pessoas circulando pela Av. Get\u00falio Vargas. Quando vi a &#8216;muvuca&#8217;, desisti de entrar na festa. Embora tivesse muito coisa legal para ver e comer, preferi rodar de bike por outros cantos da cidade. Sei que perdi um fest\u00e3o, mas no ano que vem eu programo melhor essa data.<\/div>\n<div style=\"clear: both; text-align: left;\">Pensando na festa, tive ent\u00e3o a ideia de postar hoje este disco da Orquestra Rom\u00e2nticos de Cuba. Temos aqui uma sele\u00e7\u00e3o de algumas das mais famosas m\u00fasicas italianas dos anos 50 e 60 executadas com a qualidade que s\u00f3 mesmo uma boa orquestra como esta poderia fazer. Inicialmente, sob a batuta oculta de Severino Ara\u00fajo e muitos dos instrumentistas de sua Orquestra Tabajara, depois nas m\u00e3os de Waltel Branco, os Rom\u00e2nticos de Cuba estiveram por mais de 20 anos, com seus discos, sendo lan\u00e7ados no mercado fonogr\u00e1fico como a orquestra das oportunidades. Aquela que toca de tudo e conforme o sinalizador de sucessos. Uma cria\u00e7\u00e3o do dono da gravadora, Musidisc, Nilo S\u00e9rgio. que soube como ningu\u00e9m explorar o mercado fonogr\u00e1fico com seus artistas e orquestras inventados.<\/div>\n<div style=\"clear: both; text-align: left;\">Acho que por conta dessas diferentes e diversas investidas, havia um variado leque de estampas e fotografias prontas para serem usadas nas capas. No caso espec\u00edfico desta, que embora seja muito bonita (principalmente pela garota), n\u00e3o tem nada a ver com a inspira\u00e7\u00e3o italiana. Ao montarem a capa, algu\u00e9m l\u00e1&#8230; deve ter entendido que a Orquestra Rom\u00e2nticos de Cuba iria gravar um disco de m\u00fasicas mexicanas. Mama mia, che pasticcio!<\/div>\n<div style=\"clear: both; text-align: left;\">Mas, independente da capa, o disco no geral \u00e9 muito bom. Eu \u00e9 que, pessoalmente, prefiro dos italianos mais moderninhos,\u00a0do jazz e do rock progressivo. Pena que os Rom\u00e2nticos de Cuba n\u00e3o chegaram a trabalhar esses tipos de m\u00fasica, hehehe&#8230;<\/div>\n<div style=\"clear: both; text-align: left;\"><\/div>\n<div style=\"clear: both; text-align: center;\">sapore di sale &#8211; tornerai suzie<\/div>\n<div style=\"clear: both; text-align: center;\">stasera pago io &#8211; io che amo solo te<\/div>\n<div style=\"clear: both; text-align: center;\">arrivederci roma &#8211; o sole mio<\/div>\n<div style=\"clear: both; text-align: center;\">ti guardero nel cuore &#8211; al di la<\/div>\n<div style=\"clear: both; text-align: center;\">piove &#8211; conoscerti<\/div>\n<div style=\"clear: both; text-align: center;\">aria di neve &#8211; la dulce estale<\/div>\n<div style=\"clear: both; text-align: center;\">senza fine &#8211; una lacrima sul viso<\/div>\n<div style=\"clear: both; text-align: center;\">prima di dormire bambina &#8211; nel blu dipinto di blu<\/div>\n<div style=\"clear: both; text-align: center;\">addormentarmi cosi &#8211; l&#8217;abito blu<\/div>\n<div style=\"clear: both; text-align: center;\">nessuno al mondo &#8211; arrivederci<\/div>\n<div style=\"clear: both; text-align: center;\"><\/div>\n<div style=\"clear: both; text-align: center;\"><\/div>\n","protected":false},"excerpt":{"rendered":"<p>Bom dia a todos! Ontem aconteceu em Belo Horizonte a tradicional Festa Italiana da Savassi com dezenas de barraquinhas vendendo comidas t\u00edpicas, shows e mais de 60 mil pessoas circulando pela Av. Get\u00falio Vargas. Quando vi a &#8216;muvuca&#8217;, desisti de &hellip; <a href=\"https:\/\/www.toque-musicall.com\/?p=438\">Continue lendo <span class=\"meta-nav\">&rarr;<\/span><\/a><\/p>\n","protected":false},"author":1,"featured_media":0,"comment_status":"open","ping_status":"closed","sticky":false,"template":"","format":"standard","meta":{"footnotes":""},"categories":[691,35],"tags":[],"class_list":["post-438","post","type-post","status-publish","format-standard","hentry","category-orquestra-romanticos-de-cuba","category-selo-musidisc"],"_links":{"self":[{"href":"https:\/\/www.toque-musicall.com\/index.php?rest_route=\/wp\/v2\/posts\/438","targetHints":{"allow":["GET"]}}],"collection":[{"href":"https:\/\/www.toque-musicall.com\/index.php?rest_route=\/wp\/v2\/posts"}],"about":[{"href":"https:\/\/www.toque-musicall.com\/index.php?rest_route=\/wp\/v2\/types\/post"}],"author":[{"embeddable":true,"href":"https:\/\/www.toque-musicall.com\/index.php?rest_route=\/wp\/v2\/users\/1"}],"replies":[{"embeddable":true,"href":"https:\/\/www.toque-musicall.com\/index.php?rest_route=%2Fwp%2Fv2%2Fcomments&post=438"}],"version-history":[{"count":0,"href":"https:\/\/www.toque-musicall.com\/index.php?rest_route=\/wp\/v2\/posts\/438\/revisions"}],"wp:attachment":[{"href":"https:\/\/www.toque-musicall.com\/index.php?rest_route=%2Fwp%2Fv2%2Fmedia&parent=438"}],"wp:term":[{"taxonomy":"category","embeddable":true,"href":"https:\/\/www.toque-musicall.com\/index.php?rest_route=%2Fwp%2Fv2%2Fcategories&post=438"},{"taxonomy":"post_tag","embeddable":true,"href":"https:\/\/www.toque-musicall.com\/index.php?rest_route=%2Fwp%2Fv2%2Ftags&post=438"}],"curies":[{"name":"wp","href":"https:\/\/api.w.org\/{rel}","templated":true}]}}