{"id":44,"date":"2012-06-04T01:44:00","date_gmt":"2012-06-04T01:44:00","guid":{"rendered":"http:\/\/www.toque-musicall.com\/?p=44"},"modified":"2020-06-12T08:35:04","modified_gmt":"2020-06-12T11:35:04","slug":"manezinho-araujo-pra-onde-vai-valente-1986","status":"publish","type":"post","link":"https:\/\/www.toque-musicall.com\/?p=44","title":{"rendered":"Manezinho Araujo &#8211; Pra Onde Vai Valente? (1986)"},"content":{"rendered":"<div style=\"clear: both; text-align: center;\"><a href=\"http:\/\/4.bp.blogspot.com\/-mj7byjIa6z8\/T8wGPvTuojI\/AAAAAAAACl4\/bQIlFzmuzkA\/s1600\/folder.jpg\" style=\"margin-left: 1em; margin-right: 1em;\"><img loading=\"lazy\" decoding=\"async\" border=\"0\" height=\"398\" src=\"http:\/\/4.bp.blogspot.com\/-mj7byjIa6z8\/T8wGPvTuojI\/AAAAAAAACl4\/bQIlFzmuzkA\/s400\/folder.jpg\" width=\"400\"><\/a><\/div>\n<div style=\"clear: both; text-align: center;\"><a href=\"http:\/\/4.bp.blogspot.com\/-CWDaCJ2JsD0\/T8wGAQzR9VI\/AAAAAAAAClw\/eZ-CQpntd5c\/s1600\/contracapap.JPG\" style=\"margin-left: 1em; margin-right: 1em;\"><img loading=\"lazy\" decoding=\"async\" border=\"0\" height=\"400\" src=\"http:\/\/4.bp.blogspot.com\/-CWDaCJ2JsD0\/T8wGAQzR9VI\/AAAAAAAAClw\/eZ-CQpntd5c\/s400\/contracapap.JPG\" width=\"392\"><\/a><\/div>\n<p>Boa noite, amigos cultos, ocultos e associados! Aqui vamos nos com a postagem do domingo. Queria ter apresentado este disco hoje, logo cedo. O dia estava \u00f3timo e me inspirou a tal postagem. Infelizmente, acabei envolvido como outras tarefas de fim de semana. S\u00f3 agora \u00e9 que liberei&#8230;<br \/>\nTemos assim o Manezinho Ara\u00fajo, mais um grande artista, vindo l\u00e1 de Pernambuco. Um nordestino da melhor qualidade, talvez o primeiro com quem eu ouvi uma embolada. Cantor, compositor e pintor. Veio para o Rio de Janeiro nos anos 30. Gravou de 1933 a 56 diversos discos de embolada, e tamb\u00e9m frevos, c\u00f4cos e sambas. Durante esse per\u00edodo lan\u00e7ou com sucesso m\u00fasicas de sua autoria como &#8220;Quando eu vejo a Margarida&#8221;; &#8220;Cuma \u00e9 o nome dele?&#8221;; &#8220;Pra onde vai Valente?&#8221; e outras mais&#8230; Gravou tamb\u00e9m e com sucesso outros autores nordestinos. Ficou conhecido como o &#8220;Rei da Embolada&#8221;. Ainda nos anos 50 decidiu abandonar a carreira de cantor. Segundo contam, seu show de despedida tinha quase 10 mil pessoas! Passou a se dedicar \u00e1 culin\u00e1ria, abrindo um restaurante de comidas t\u00edpicas nordestinas. Depois se enveredou para as artes pl\u00e1sticas, se transformando num pintor. Conseguiu tamb\u00e9m proje\u00e7\u00e3o e renome neste campo, tendo seus trabalhos expostos em dezenas de exposi\u00e7\u00f5es e constando em cat\u00e1logo das mais diversas galerias e museus, inclusive internacionais.<br \/>\nEste \u00e1lbum, lan\u00e7ado em 1986, re\u00fane alguns de seus maiores sucessos, todas as m\u00fasicas sendo de sua autoria. Uma del\u00edcia que cairia bem no domingo, mas pode tamb\u00e9m se estender pela semana. Alegre e divertido. Quer conferir?<\/p>\n<div style=\"text-align: center;\">pra onde vai valente?<\/div>\n<div style=\"text-align: center;\">pipira<\/div>\n<div style=\"text-align: center;\">tadinho do manezinho<\/div>\n<div style=\"text-align: center;\">suland\u00e1<\/div>\n<div style=\"text-align: center;\">festa no arraial<\/div>\n<div style=\"text-align: center;\">quando eu vejo a margarida<\/div>\n<div style=\"text-align: center;\">como \u00e9 o nome dele?<\/div>\n<div style=\"text-align: center;\">&#8216;seo&#8217; man\u00e9 \u00e9 o homem<\/div>\n<div style=\"text-align: center;\">dia 40<\/div>\n<div style=\"text-align: center;\">juntou a fome<\/div>\n<div style=\"text-align: center;\">futebol na ro\u00e7a<\/div>\n<div style=\"text-align: center;\">olha o buraco cavalheiro<\/div>\n<div style=\"text-align: center;\"><\/div>\n<div style=\"text-align: center;\"><\/div>\n<div style=\"text-align: center;\"><\/div>\n","protected":false},"excerpt":{"rendered":"<p>Boa noite, amigos cultos, ocultos e associados! Aqui vamos nos com a postagem do domingo. Queria ter apresentado este disco hoje, logo cedo. O dia estava \u00f3timo e me inspirou a tal postagem. Infelizmente, acabei envolvido como outras tarefas de &hellip; <a href=\"https:\/\/www.toque-musicall.com\/?p=44\">Continue lendo <span class=\"meta-nav\">&rarr;<\/span><\/a><\/p>\n","protected":false},"author":1,"featured_media":0,"comment_status":"open","ping_status":"closed","sticky":false,"template":"","format":"standard","meta":{"footnotes":""},"categories":[42,624,41],"tags":[3697,3405],"class_list":["post-44","post","type-post","status-publish","format-standard","hentry","category-manezinho-araujo","category-selo-epic","category-selo-phonodisc","tag-manezinho-araujo","tag-selo-phonodisc"],"_links":{"self":[{"href":"https:\/\/www.toque-musicall.com\/index.php?rest_route=\/wp\/v2\/posts\/44","targetHints":{"allow":["GET"]}}],"collection":[{"href":"https:\/\/www.toque-musicall.com\/index.php?rest_route=\/wp\/v2\/posts"}],"about":[{"href":"https:\/\/www.toque-musicall.com\/index.php?rest_route=\/wp\/v2\/types\/post"}],"author":[{"embeddable":true,"href":"https:\/\/www.toque-musicall.com\/index.php?rest_route=\/wp\/v2\/users\/1"}],"replies":[{"embeddable":true,"href":"https:\/\/www.toque-musicall.com\/index.php?rest_route=%2Fwp%2Fv2%2Fcomments&post=44"}],"version-history":[{"count":2,"href":"https:\/\/www.toque-musicall.com\/index.php?rest_route=\/wp\/v2\/posts\/44\/revisions"}],"predecessor-version":[{"id":7521,"href":"https:\/\/www.toque-musicall.com\/index.php?rest_route=\/wp\/v2\/posts\/44\/revisions\/7521"}],"wp:attachment":[{"href":"https:\/\/www.toque-musicall.com\/index.php?rest_route=%2Fwp%2Fv2%2Fmedia&parent=44"}],"wp:term":[{"taxonomy":"category","embeddable":true,"href":"https:\/\/www.toque-musicall.com\/index.php?rest_route=%2Fwp%2Fv2%2Fcategories&post=44"},{"taxonomy":"post_tag","embeddable":true,"href":"https:\/\/www.toque-musicall.com\/index.php?rest_route=%2Fwp%2Fv2%2Ftags&post=44"}],"curies":[{"name":"wp","href":"https:\/\/api.w.org\/{rel}","templated":true}]}}