{"id":440,"date":"2011-06-04T18:08:00","date_gmt":"2011-06-04T18:08:00","guid":{"rendered":"http:\/\/www.toque-musicall.com\/?p=440"},"modified":"2014-07-10T18:37:11","modified_gmt":"2014-07-10T21:37:11","slug":"meu-brasil-coletanea-de-milan-filipovic","status":"publish","type":"post","link":"https:\/\/www.toque-musicall.com\/?p=440","title":{"rendered":"Meu Brasil &#8211; Colet\u00e2nea De Milan Filipovic"},"content":{"rendered":"<div style=\"clear: both; text-align: center;\"><a style=\"margin-left: 1em; margin-right: 1em;\" href=\"http:\/\/3.bp.blogspot.com\/-ZoI7z-FcFGo\/TepfCHw1CgI\/AAAAAAAAIFA\/aXn6GDxfycQ\/s1600\/Cover+P.JPG\"><img loading=\"lazy\" decoding=\"async\" alt=\"\" src=\"http:\/\/3.bp.blogspot.com\/-ZoI7z-FcFGo\/TepfCHw1CgI\/AAAAAAAAIFA\/aXn6GDxfycQ\/s400\/Cover+P.JPG\" width=\"400\" height=\"386\" border=\"0\" \/><\/a><\/div>\n<p>Ol\u00e1 amigos cultos e ocultos! Aqui estamos em mais um s\u00e1bado de colet\u00e2neas. Vou aproveitar a pausa do almo\u00e7o para fazer logo a nossa postagem. Hoje temos como convidado o Milan Filipovic, do excelente blog <a href=\"http:\/\/parallelrealitiesstudio.blogspot.com\/\">Parallel Realities<\/a>. Essa ideia de colet\u00e2neas, convidando outros blogs parceiros, come\u00e7ou com o s\u00e9rvio, eu inclusive fui por ele um dos convidados, apresentado <a href=\"http:\/\/parallelrealitiesstudio.blogspot.com\/2009\/08\/minha-alaide-seclection-by-augusto-tm.html\">uma sele\u00e7\u00e3o da Alaide Costa<\/a>. A minha vers\u00e3o \u00e9 um pouquinho diferente, se prolonga por um prazo indeterminado. Enquanto houver aqueles que atendam ao meu convite, os colaboradores espont\u00e2neos e eu pr\u00f3prio criando novas colet\u00e2neas, a programa\u00e7\u00e3o continua.<br \/>\nEm &#8220;Meu Brasil&#8221;, Milan reuniu para n\u00f3s alguns de seus artistas brasileiros, ao que parece, os que ele mais aprecia. Temos aqui o equivalente a um \u00e1lbum duplo de 10 polegadas, ou seja, dezesseis m\u00fasicas, extra\u00eddas (quase todas) de discos neste formato. A escolha dos artistas e repert\u00f3rio refletem bem o perfil do &#8220;Parallel Realities&#8221;. Cantoras das d\u00e9cadas de 40, 50 e 60, al\u00e9m de umas pitadas intrumentais de Ribamar, Alberto Mota, Pocho e Moacyr Silva. Gostei, uma bela sele\u00e7\u00e3o. Vamos conferir?<\/p>\n<div style=\"text-align: center;\">ternura antiga &#8211; marisa gata mansa<\/div>\n<div style=\"text-align: center;\">s\u00f3 por amor &#8211; odete lara<\/div>\n<div style=\"text-align: center;\">\u00f4 ba la la &#8211; norma benguell<\/div>\n<div style=\"text-align: center;\">com a\u00e7ucar e com afeto &#8211; waleska<\/div>\n<div style=\"text-align: center;\">insensatez &#8211; alaide costa<\/div>\n<div style=\"text-align: center;\">apelo &#8211; elizete cardoso<\/div>\n<div style=\"text-align: center;\">suas m\u00e3os &#8211; sylvia telles<\/div>\n<div style=\"text-align: center;\">e a noite chegou &#8211; francineth<\/div>\n<div style=\"text-align: center;\">cantiga de quem est\u00e1 s\u00f3 &#8211; neusa maria<\/div>\n<div style=\"text-align: center;\">brigas de amor &#8211; angela maria<\/div>\n<div style=\"text-align: center;\">ser s\u00f3 &#8211; dalva andrade<\/div>\n<div style=\"text-align: center;\">carinho perdido &#8211; isaura garcia<\/div>\n<div style=\"text-align: center;\">a noite do meu bem &#8211; ribamar<\/div>\n<div style=\"text-align: center;\">can\u00e7\u00e3o de amor &#8211; alberto mota<\/div>\n<div style=\"text-align: center;\">mente &#8211; pocho<\/div>\n<div style=\"text-align: center;\">meiga presen\u00e7a &#8211; moacyr silva<\/div>\n<div style=\"text-align: center;\"><\/div>\n<div style=\"text-align: center;\"><\/div>\n","protected":false},"excerpt":{"rendered":"<p>Ol\u00e1 amigos cultos e ocultos! Aqui estamos em mais um s\u00e1bado de colet\u00e2neas. Vou aproveitar a pausa do almo\u00e7o para fazer logo a nossa postagem. Hoje temos como convidado o Milan Filipovic, do excelente blog Parallel Realities. Essa ideia de &hellip; <a href=\"https:\/\/www.toque-musicall.com\/?p=440\">Continue lendo <span class=\"meta-nav\">&rarr;<\/span><\/a><\/p>\n","protected":false},"author":1,"featured_media":0,"comment_status":"open","ping_status":"closed","sticky":false,"template":"","format":"standard","meta":{"footnotes":""},"categories":[700,696,199,214,247,248,699,553,611,693,695,697,694],"tags":[],"class_list":["post-440","post","type-post","status-publish","format-standard","hentry","category-alaide-costa","category-alberto-mota","category-angela-maria","category-dalva-andrade","category-elizete-cardoso","category-elizeth-cardoso","category-marisa-gata-mansa","category-moacyr-silva","category-neusa-maria","category-odete-lara","category-pocho-e-seu-conjunto","category-ribamar","category-waleska"],"_links":{"self":[{"href":"https:\/\/www.toque-musicall.com\/index.php?rest_route=\/wp\/v2\/posts\/440","targetHints":{"allow":["GET"]}}],"collection":[{"href":"https:\/\/www.toque-musicall.com\/index.php?rest_route=\/wp\/v2\/posts"}],"about":[{"href":"https:\/\/www.toque-musicall.com\/index.php?rest_route=\/wp\/v2\/types\/post"}],"author":[{"embeddable":true,"href":"https:\/\/www.toque-musicall.com\/index.php?rest_route=\/wp\/v2\/users\/1"}],"replies":[{"embeddable":true,"href":"https:\/\/www.toque-musicall.com\/index.php?rest_route=%2Fwp%2Fv2%2Fcomments&post=440"}],"version-history":[{"count":1,"href":"https:\/\/www.toque-musicall.com\/index.php?rest_route=\/wp\/v2\/posts\/440\/revisions"}],"predecessor-version":[{"id":4312,"href":"https:\/\/www.toque-musicall.com\/index.php?rest_route=\/wp\/v2\/posts\/440\/revisions\/4312"}],"wp:attachment":[{"href":"https:\/\/www.toque-musicall.com\/index.php?rest_route=%2Fwp%2Fv2%2Fmedia&parent=440"}],"wp:term":[{"taxonomy":"category","embeddable":true,"href":"https:\/\/www.toque-musicall.com\/index.php?rest_route=%2Fwp%2Fv2%2Fcategories&post=440"},{"taxonomy":"post_tag","embeddable":true,"href":"https:\/\/www.toque-musicall.com\/index.php?rest_route=%2Fwp%2Fv2%2Ftags&post=440"}],"curies":[{"name":"wp","href":"https:\/\/api.w.org\/{rel}","templated":true}]}}