{"id":441,"date":"2011-06-03T11:06:00","date_gmt":"2011-06-03T11:06:00","guid":{"rendered":"http:\/\/www.toque-musicall.com\/?p=441"},"modified":"2011-06-03T11:06:00","modified_gmt":"2011-06-03T11:06:00","slug":"di-melo-pedra-bruta-2011","status":"publish","type":"post","link":"https:\/\/www.toque-musicall.com\/?p=441","title":{"rendered":"Di Melo &#8211; Pedra Bruta (2011)"},"content":{"rendered":"<div style=\"clear: both; text-align: center;\"><a href=\"http:\/\/2.bp.blogspot.com\/-DCct5f0cww0\/TeilE9jmKmI\/AAAAAAAAIE4\/OBaQ8txXTdk\/s1600\/capa+P.JPG\" style=\"margin-left: 1em; margin-right: 1em;\"><img loading=\"lazy\" decoding=\"async\" border=\"0\" height=\"400\" src=\"http:\/\/2.bp.blogspot.com\/-DCct5f0cww0\/TeilE9jmKmI\/AAAAAAAAIE4\/OBaQ8txXTdk\/s400\/capa+P.JPG\" width=\"400\" \/><\/a><\/div>\n<p>Bom dia, amigos cultos e ocultos! Eu ainda n\u00e3o tive tempo de repor todos os &#8216;toques&#8217; solicitados e nem sei se o conseguirei faz\u00ea-lo neste fim de semana. Mas podem ficar tranquilos que no mais breve poss\u00edvel tudo ficar\u00e1 resolvido, ok? Enquanto isso, v\u00e3o curtindo a\u00ed as postagens dos \u00faltimos dias.<br \/>Como eu j\u00e1 havia comentado, na semana passada tivemos em Belo Horizonte o Conex\u00e3o Vivo, l\u00e1 no Parque Municipal. Rolou um bom e variado espet\u00e1culo, com os mais diferentes artistas. Nos dois dias em que eu pude estar presente, foi poss\u00edvel assistir a muitos shows. Entre tantos que por l\u00e1 passaram, veio tamb\u00e9m o Di Melo que se apresentou ao lado da banda Black Sonora. Para os que n\u00e3o se lembram, o Di Melo \u00e9 aquele artista pernambucano, que nos anos 70 gravou pela EMI-Odeon um \u00e1lbum muito interessante, tendo como participa\u00e7\u00e3o nomes como Heraldo do Monte, Hermento Pascoal, Claudio Bertrami e outros&#8230; (inclusive o pai do Taiguara tocando bandoneon). Eu j\u00e1 tive este disco, mas por alguma raz\u00e3o o passei para frente.<br \/>O Di Melo voltou a tona depois que nos anos 90 foi redescoberto por DJs ingleses. A sua m\u00fasica &#8220;A vida em seus m\u00e9todos diz calma&#8221; foi na \u00e9poca incluida na colet\u00e2nea &#8220;Blue Brazil 2&#8221;\u00a0para o mercado internacional. Como sempre acontece, bastou ser resgatado l\u00e1 fora para que o pessoal aqui dentro redescobrisse ou reconhecesse o talento do cara. Di \u00a0Melo volta a ganhar proje\u00e7\u00e3o e interesse das novas gera\u00e7\u00f5es, j\u00e1 tem inclusive um filme sendo finalizado sobre sua trajet\u00f3ria. Sinceramente, n\u00e3o conhe\u00e7o a hist\u00f3ria do cara, mas ser\u00e1 que vale um filme? Ele \u00e9 considerado por muitos como um dos importantes artistas que contribuiram para a forma\u00e7\u00e3o de um estilo &#8216;blacksoulmusicsambarock&#8217; (o mesmo onde s\u00e3o colocados Tim Maia, Cassiano, Hyldon, Trio Mocot\u00f3 e por a\u00ed a fora&#8230;)<br \/>O certo \u00e9 que no Conex\u00e3o, o Di Melo volta \u00e0 cena trazendo debaixo do bra\u00e7o um cd de colet\u00e2neas. Quando vi o &#8216;cedezinho&#8217;, achei que fosse piada. Produ\u00e7\u00e3o caseira, reunindo al\u00e9m das m\u00fasicas de seu disco de 1975, outras composi\u00e7\u00f5es. A piada n\u00e3o \u00e9 pela produ\u00e7\u00e3o caseria, mas pela capa que estampa uma caricatura sua (at\u00e9 bem feita). Quem v\u00ea aquele cd h\u00e1 de pensar que se trata de um disco de piadas ou historinhas infantis. Sinceramente, n\u00e3o me contive&#8230; Ap\u00f3s ouvir o disco (vendido por ele por 25 paus e sem aut\u00f3grafo) e por sugest\u00e3o de um amigo, pensei: p\u00f4, esse cara \u00e9 uma pedra bruta! Precisa de uma lapida\u00e7\u00e3o, uma capa nova e mais divulga\u00e7\u00e3o! Vou post\u00e1-lo no Toque Musical!<br \/>Para quem est\u00e1 querendo retomar a carreira na mesma &#8216;pompa&#8217;, al\u00e9m de uma m\u00fasica boa (que ele j\u00e1 tem) \u00e9 preciso tamb\u00e9m ter uma boa apresenta\u00e7\u00e3o. Foi a\u00ed que eu resolvi criar essa nova capa, algo mais apropriado para o nosso artista. Mod\u00e9stia a parte, acho que ficou \u00f3tima. Eu me sentiria muito honrado se o Di Melo passasse a us\u00e1-la. Tenho certeza que ningu\u00e9m mais vai lhe fazer piadinhas.<\/p>\n<div style=\"text-align: center;\">barulho de faf\u00e1<\/div>\n<div style=\"text-align: center;\">l\u00facifer<\/div>\n<div style=\"text-align: center;\">distando estava<\/div>\n<div style=\"text-align: center;\">d&#8217;ouro brilhante<\/div>\n<div style=\"text-align: center;\">multificheiro<\/div>\n<div style=\"text-align: center;\">podes vir<\/div>\n<div style=\"text-align: center;\">lantem\u00e1rio<\/div>\n<div style=\"text-align: center;\">chifre iluminado<\/div>\n<div style=\"text-align: center;\">verso e prosa<\/div>\n<div style=\"text-align: center;\">manda e desmanda<\/div>\n<div style=\"text-align: center;\">posar de rainha<\/div>\n<div style=\"text-align: center;\">basta bem pensar<\/div>\n<div style=\"text-align: center;\">querelante<\/div>\n<div style=\"text-align: center;\">entardeceu, anoiteceu<\/div>\n<div style=\"text-align: center;\">milagre da sobreviv\u00eancia<\/div>\n<div style=\"text-align: center;\">bailarina do cantor<\/div>\n<div style=\"text-align: center;\">eu n\u00e3o<\/div>\n<div style=\"text-align: center;\">fr\u00e1gil passarinho<\/div>\n<div style=\"text-align: center;\">e o vento levou<\/div>\n<div style=\"text-align: center;\">l\u00e1bios de rubis\u00a0<\/div>\n<div style=\"text-align: center;\"><\/div>\n","protected":false},"excerpt":{"rendered":"<p>Bom dia, amigos cultos e ocultos! Eu ainda n\u00e3o tive tempo de repor todos os &#8216;toques&#8217; solicitados e nem sei se o conseguirei faz\u00ea-lo neste fim de semana. Mas podem ficar tranquilos que no mais breve poss\u00edvel tudo ficar\u00e1 resolvido, &hellip; <a href=\"https:\/\/www.toque-musicall.com\/?p=441\">Continue lendo <span class=\"meta-nav\">&rarr;<\/span><\/a><\/p>\n","protected":false},"author":1,"featured_media":0,"comment_status":"open","ping_status":"closed","sticky":false,"template":"","format":"standard","meta":{"footnotes":""},"categories":[702,25,701],"tags":[],"class_list":["post-441","post","type-post","status-publish","format-standard","hentry","category-di-melo","category-selo-independente","category-selo-toque-musical"],"_links":{"self":[{"href":"https:\/\/www.toque-musicall.com\/index.php?rest_route=\/wp\/v2\/posts\/441","targetHints":{"allow":["GET"]}}],"collection":[{"href":"https:\/\/www.toque-musicall.com\/index.php?rest_route=\/wp\/v2\/posts"}],"about":[{"href":"https:\/\/www.toque-musicall.com\/index.php?rest_route=\/wp\/v2\/types\/post"}],"author":[{"embeddable":true,"href":"https:\/\/www.toque-musicall.com\/index.php?rest_route=\/wp\/v2\/users\/1"}],"replies":[{"embeddable":true,"href":"https:\/\/www.toque-musicall.com\/index.php?rest_route=%2Fwp%2Fv2%2Fcomments&post=441"}],"version-history":[{"count":0,"href":"https:\/\/www.toque-musicall.com\/index.php?rest_route=\/wp\/v2\/posts\/441\/revisions"}],"wp:attachment":[{"href":"https:\/\/www.toque-musicall.com\/index.php?rest_route=%2Fwp%2Fv2%2Fmedia&parent=441"}],"wp:term":[{"taxonomy":"category","embeddable":true,"href":"https:\/\/www.toque-musicall.com\/index.php?rest_route=%2Fwp%2Fv2%2Fcategories&post=441"},{"taxonomy":"post_tag","embeddable":true,"href":"https:\/\/www.toque-musicall.com\/index.php?rest_route=%2Fwp%2Fv2%2Ftags&post=441"}],"curies":[{"name":"wp","href":"https:\/\/api.w.org\/{rel}","templated":true}]}}