{"id":4418,"date":"2014-08-26T13:08:15","date_gmt":"2014-08-26T16:08:15","guid":{"rendered":"http:\/\/www.toque-musicall.com\/?p=4418"},"modified":"2014-08-26T13:57:58","modified_gmt":"2014-08-26T16:57:58","slug":"4418","status":"publish","type":"post","link":"https:\/\/www.toque-musicall.com\/?p=4418","title":{"rendered":"Carlos Galhardo (parte 2) &#8211; Sele\u00e7\u00e3o 78 RPM Do Toque Musical Vol. 114 (2014)"},"content":{"rendered":"<p><img loading=\"lazy\" decoding=\"async\" class=\"aligncenter\" alt=\"\" src=\"http:\/\/3.bp.blogspot.com\/-TUuRuJK50N8\/U_vXgUVWVHI\/AAAAAAAAJ-Q\/c2L9Gw5AXio\/s1600\/CAPAp.JPG\" width=\"1000\" height=\"1000\" \/><img loading=\"lazy\" decoding=\"async\" class=\"aligncenter\" alt=\"\" src=\"http:\/\/2.bp.blogspot.com\/-iScE_Qv1AxA\/U_vXlBepLgI\/AAAAAAAAJ-Y\/CYQ-exZGZRE\/s1600\/CONTRACAPAp.JPG\" width=\"1000\" height=\"1000\" \/>E estamos de volta com o Grand Record\u00a0 Brazil, em sua edi\u00e7\u00e3o de n\u00famero 114, apresentando a segunda parte da retrospectiva dedicada a Carlos Galhardo (1913-1985), \u201co Cantor que dispensa adjetivos\u201d. S\u00e3o mais doze faixas preciosas e imprescind\u00edveis para todos os que apreciam a arte de cantar no que ela tem de mais belo e expressivo.\u00a0 Abrindo nossa sele\u00e7\u00e3o desta semana, Galhardo apresenta \u201cAi, amor\u201d, samba de dois Robertos, Martins e Roberti, gravado na Victor em 25 de agosto de 1939 e lan\u00e7ado em novembro do mesmo ano sob n.o 34508-B, matriz 33153. Roberto Martins tamb\u00e9m assina, agora com Ari Monteiro, a faixa seguinte, \u201cVinte e tr\u00eas de abril\u201d, data consagrada a S\u00e3o Jorge, e inspiradora deste samba que Galhardo imortalizou na j\u00e1 ent\u00e3o RCA Victor em 27 de fevereiro de 1948, com lan\u00e7amento em abril seguinte com o n.o 80-0579-A, matriz S-078829. Do carnaval de 1960 \u00e9 a marchinha \u201cCachopa\u201d, de Augusta de Oliveira e Madalena Correia, gravada em 14 de setembro de 59 e lan\u00e7ada ainda em dezembro sob n.o 80-2148-B, matriz 13-K2PB-0759, e no LP coletivo \u201cCarnaval RCA Victor\u201d, isso j\u00e1 numa \u00e9poca, sempre \u00e9 bom frisar, de transi\u00e7\u00e3o do 78 rpm para o vinil. Recuando no tempo, temos em seguida o samba \u201cCantar pra n\u00e3o chorar\u201d, de autoria do lend\u00e1rio Paulo da Portela em parceria com um dos pioneiros do g\u00eanero,\u00a0 Heitor dos Prazeres, que Galhardo grava na ent\u00e3o Victor em 15 de dezembro de 1937, com lan\u00e7amento bem em cima do carnaval de 38, em fevereiro, sob n.o 34278-B,matriz 80634. Mostrando que foi talvez o cantor do Sul do Brasil mais fiel ao frevo,g\u00eanero com o qual estreou em disco, Galhardo apresenta \u201cO frevo \u00e9 assim\u201d. De autoria de N\u00e9lson Ferreira, um craque do g\u00eanero, em parceria com o tamb\u00e9m\u00a0 pernambucano Nestor de Holanda, este frevo-can\u00e7\u00e3o do carnaval recifense de 1946 foi gravado na marca do cachorrinho Nipper em 23 de outubro de 45, sendo lan\u00e7ado ainda em dezembro com o n\u00famero 80-0353-A,matriz S-078302, com acompanhamento da orquestra do maestro paulista Aristides Zaccarias, que tamb\u00e9m animava os bailes de carnaval pernambucanos.\u00a0 A faixa seguinte, ali\u00e1s, \u00e9 do primeir\u00edssimo disco de Carlos Galhardo, o Victor 33625.\u00a0 \u00c9 a \u201cmarcha pernambucana\u201d (como ent\u00e3o era chamado o frevo-can\u00e7\u00e3o) \u201cQue \u00e9 que h\u00e1?\u201d, de N\u00e9lson Ferreira sem parceiro., lado B desse hist\u00f3rico 78 do cantor, gravado em\u00a0 26 de janeiro de 1933 e lan\u00e7ado em mar\u00e7o seguinte, matriz 65659. Da primeira safra de Galhardo na Odeon (onde gravaria seus derradeiros discos, nos anos 1970) \u00e9 a marchinha \u201cSerpente do amor\u201d, do carnaval de 1937. De autoria de Benedito Lacerda e Aldo Cabral, foi gravada na \u201cmarca do templo\u201d em 31 de outubro de 36, com lan\u00e7amento ainda em dezembro sob n.o 11421-A, matriz 5433. Retornando \u00e0 Victor, temos a valsa \u201cMares da China\u201d, da prof\u00edcua parceria Jo\u00e3o de Barro (Braguinha)-Alberto Ribeiro, que Galhardo imortaliza em 20 de junho de 1938, com lan\u00e7amento em outubro do mesmo n\u00e3o,sob n\u00famero 34365-A, matriz 80831. \u201cDeus no c\u00e9u, ela na terra\u201d, samba de Wilson Batista e Marino Pinto, \u00e9 uma daquelas manifesta\u00e7\u00f5es \u00e0 chamada mulher ideal, ent\u00e3o comuns. Galhardoo imortalizou na marca do cachorrinho Nipper em 14 de junho de 1940, devidamente acompanhado de regional, com destaque para a expressiva clarineta do mestre Luiz Americano, indo para as lojas em agosto seguinte, sob n.o 34643-B,matriz 33443. \u201cFlor do c\u00e9u\u201d, de autoria creditada a R\u00f4mulo Paes e Henrique de Almeida, \u00e9 na verdade adapta\u00e7\u00e3o, em ritmo de fox, de uma modinha de cunho tradicional, \u201c\u00c9 a ti, flor do c\u00e9u\u201d, regravada at\u00e9 mesmo pelo ex-presidente Juscelino Kubitschek de Oliveira.\u00a0 Esta vers\u00e3o foi gravada por Galhardo na j\u00e1 ent\u00e3o RCA Victor em 8 de junho de 1956, sendo lan\u00e7ada em agosto seguinte com o n\u00famero 80-1654-A, matriz BE6VB-1182. \u201cC\u00e1rmen\u201d, valsa de Paulo Barbosa e Crist\u00f3v\u00e3o de Alencar, o \u201camigo velho\u201d, \u00e9 o lado B do disco de \u201cCerejeira do Jap\u00e3o\u201d (apresentada em nosso volume anterior), o Victor 34659, gravado em 16 de julho de1940 e lan\u00e7ado em outubro do mesmo ano, matriz 33473. Tamb\u00e9m de Paulo Barbosa, agora em parceria com Francisco C\u00e9lio, \u00e9 a valsa que encerra nossa sele\u00e7\u00e3o desta semana, \u201cQuero a teus p\u00e9s te adorar\u201d, outra preciosidade da rica safra de Galhardo na Victor, gravada em 27 de janeiro de 1940 e lan\u00e7ada em mar\u00e7o do mesmo ano, disco 34585-B, matriz 33320. Na pr\u00f3xima semana, encerraremos esta retrospectiva dedicada a Carlos Galhardo, um cantor que, de fato, dispensava qualquer adjetivo. At\u00e9 l<a href=\"http:\/\/depositfiles.org\/files\/uo88f52zs\" target=\"_blank\">\u00e1<\/a>!<\/p>\n<p>Texto de Samuel Machado Filho<\/p>\n","protected":false},"excerpt":{"rendered":"<p>E estamos de volta com o Grand Record\u00a0 Brazil, em sua edi\u00e7\u00e3o de n\u00famero 114, apresentando a segunda parte da retrospectiva dedicada a Carlos Galhardo (1913-1985), \u201co Cantor que dispensa adjetivos\u201d. S\u00e3o mais doze faixas preciosas e imprescind\u00edveis para todos &hellip; <a href=\"https:\/\/www.toque-musicall.com\/?p=4418\">Continue lendo <span class=\"meta-nav\">&rarr;<\/span><\/a><\/p>\n","protected":false},"author":1,"featured_media":0,"comment_status":"open","ping_status":"closed","sticky":false,"template":"","format":"standard","meta":{"footnotes":""},"categories":[138,11,13],"tags":[],"class_list":["post-4418","post","type-post","status-publish","format-standard","hentry","category-carlos-galhardo","category-exclusivos-do-toque-musical","category-selo-grand-record-brazil"],"_links":{"self":[{"href":"https:\/\/www.toque-musicall.com\/index.php?rest_route=\/wp\/v2\/posts\/4418","targetHints":{"allow":["GET"]}}],"collection":[{"href":"https:\/\/www.toque-musicall.com\/index.php?rest_route=\/wp\/v2\/posts"}],"about":[{"href":"https:\/\/www.toque-musicall.com\/index.php?rest_route=\/wp\/v2\/types\/post"}],"author":[{"embeddable":true,"href":"https:\/\/www.toque-musicall.com\/index.php?rest_route=\/wp\/v2\/users\/1"}],"replies":[{"embeddable":true,"href":"https:\/\/www.toque-musicall.com\/index.php?rest_route=%2Fwp%2Fv2%2Fcomments&post=4418"}],"version-history":[{"count":2,"href":"https:\/\/www.toque-musicall.com\/index.php?rest_route=\/wp\/v2\/posts\/4418\/revisions"}],"predecessor-version":[{"id":4420,"href":"https:\/\/www.toque-musicall.com\/index.php?rest_route=\/wp\/v2\/posts\/4418\/revisions\/4420"}],"wp:attachment":[{"href":"https:\/\/www.toque-musicall.com\/index.php?rest_route=%2Fwp%2Fv2%2Fmedia&parent=4418"}],"wp:term":[{"taxonomy":"category","embeddable":true,"href":"https:\/\/www.toque-musicall.com\/index.php?rest_route=%2Fwp%2Fv2%2Fcategories&post=4418"},{"taxonomy":"post_tag","embeddable":true,"href":"https:\/\/www.toque-musicall.com\/index.php?rest_route=%2Fwp%2Fv2%2Ftags&post=4418"}],"curies":[{"name":"wp","href":"https:\/\/api.w.org\/{rel}","templated":true}]}}