{"id":442,"date":"2011-06-02T11:27:00","date_gmt":"2011-06-02T11:27:00","guid":{"rendered":"http:\/\/www.toque-musicall.com\/?p=442"},"modified":"2011-06-02T11:27:00","modified_gmt":"2011-06-02T11:27:00","slug":"nelson-cavaquinho-1973","status":"publish","type":"post","link":"https:\/\/www.toque-musicall.com\/?p=442","title":{"rendered":"Nelson Cavaquinho (1973)"},"content":{"rendered":"<div style=\"clear: both; text-align: center;\"><a href=\"http:\/\/2.bp.blogspot.com\/-AcE2cmaOMxc\/Tedj5id85BI\/AAAAAAAAIEw\/QxBpK27kGYw\/s1600\/nelson+P.JPG\" style=\"margin-left: 1em; margin-right: 1em;\"><img loading=\"lazy\" decoding=\"async\" border=\"0\" height=\"400\" src=\"http:\/\/2.bp.blogspot.com\/-AcE2cmaOMxc\/Tedj5id85BI\/AAAAAAAAIEw\/QxBpK27kGYw\/s400\/nelson+P.JPG\" width=\"397\" \/><\/a><\/div>\n<p>Bom dia, prezados amigos cultos e ocultos. Nesta semana, sem inten\u00e7\u00e3o, tenho postado discos dos anos 70. Ta\u00ed uma d\u00e9cada que eu adoro, principalmente pelo lado musical. Acho que foi o \u00e1pice da ind\u00fastria fonogr\u00e1fica no Brasil. Era um tempo onde quem administrava as gravadoras entendia de m\u00fasica, tinha sensibilidade e compet\u00eancia. Depois vieram os administradores formados em universidades e transformaram tudo em neg\u00f3cios. E pode-se dizer que foram p\u00e9ssimos administradores, pois, ofuscados pelo brilho do &#8216;compact disc&#8217;, deixaram-se levar por um caminho sem volta. Sucatearam a ind\u00fastria do vinil e o pior, tamb\u00e9m a nossa m\u00fasica e os nossos artistas. Sinceramente, n\u00e3o fossem os blogs musicais, em sua anarquia cultural, atuando nos \u00faltimos dez anos, muita coisa ainda estaria perdida, esquecida&#8230; nas m\u00e3os dos gringos que v\u00e3o relan\u00e7ando l\u00e1 fora aquilo que aqui ningu\u00e9m se lembra mais.<br \/>Putz, nem sei porque eu comecei de novo esse assunto&#8230; uma coisa leva a outra, deve ser&#8230; Melhor falarmos do disco do dia \ud83d\ude42<br \/>Hoje segue aqui uma bela colet\u00e2nea do Nelson Cavaquinho, lan\u00e7ada em 1973 pela EMI-Odeon, atrav\u00e9s de seu selo especial Fenix. Nela encontramos alguns dos cl\u00e1ssicos de Nelson e seus parceiros. Embora n\u00e3o conste no lp informa\u00e7\u00f5es (al\u00e9m de um di\u00e1logo transcrito entre o jornalista S\u00e9rgio Cabral e Nelson), eu suponho que a sele\u00e7\u00e3o do repert\u00f3rio inclui novas grava\u00e7\u00f5es. Digo isso porque algumas m\u00fasicas cantadas por ele me soaram diferente ao ouvido. Deve ser talvez porque j\u00e1 faz um tempo que eu n\u00e3o escuto o sambista. Nem me lembrava dele cantando junto com o seu mais fiel parceiro, Guilherme de Brito, que aqui tamb\u00e9m marca presen\u00e7a. Foi muito por conta disso que este \u00e1lbum est\u00e1 sendo postado agora. N\u00e3o \u00e9 nenhuma raridade, in\u00e9dito ou novidade. Mas c\u00e1 pra n\u00f3s, quem consegue aqui no Brasil enjoar de arroz com feij\u00e3o?<\/p>\n<div style=\"text-align: center;\">ju\u00edzo final<\/div>\n<div style=\"text-align: center;\">folhas secas<\/div>\n<div style=\"text-align: center;\">caminhado<\/div>\n<div style=\"text-align: center;\">minha festa<\/div>\n<div style=\"text-align: center;\">mulher sem alma<\/div>\n<div style=\"text-align: center;\">vou partir<\/div>\n<div style=\"text-align: center;\">rei vadio<\/div>\n<div style=\"text-align: center;\">a flor e o espinho &#8211; se eu sorrir &#8211; quando eu me chamar saudade &#8211; pranto de poeta<\/div>\n<div style=\"text-align: center;\">\u00e9 t\u00e3o triste cair<\/div>\n<div style=\"text-align: center;\">pode sorrir<\/div>\n<div style=\"text-align: center;\">rugas<\/div>\n<div style=\"text-align: center;\">o bem e o mal<\/div>\n<div style=\"text-align: center;\">visita triste<\/p>\n<p>PS.: VAI L\u00c1 EM CASA OUVIR ESTE DISCO, EU FA\u00c7O UMA C\u00d3PIA PARA VOC\u00ca!<\/p><\/div>\n","protected":false},"excerpt":{"rendered":"<p>Bom dia, prezados amigos cultos e ocultos. Nesta semana, sem inten\u00e7\u00e3o, tenho postado discos dos anos 70. Ta\u00ed uma d\u00e9cada que eu adoro, principalmente pelo lado musical. Acho que foi o \u00e1pice da ind\u00fastria fonogr\u00e1fica no Brasil. Era um tempo &hellip; <a href=\"https:\/\/www.toque-musicall.com\/?p=442\">Continue lendo <span class=\"meta-nav\">&rarr;<\/span><\/a><\/p>\n","protected":false},"author":1,"featured_media":0,"comment_status":"open","ping_status":"closed","sticky":false,"template":"","format":"standard","meta":{"footnotes":""},"categories":[704,244,703],"tags":[],"class_list":["post-442","post","type-post","status-publish","format-standard","hentry","category-nelson-cavaquinho","category-selo-emi-odeon","category-selo-fenix"],"_links":{"self":[{"href":"https:\/\/www.toque-musicall.com\/index.php?rest_route=\/wp\/v2\/posts\/442","targetHints":{"allow":["GET"]}}],"collection":[{"href":"https:\/\/www.toque-musicall.com\/index.php?rest_route=\/wp\/v2\/posts"}],"about":[{"href":"https:\/\/www.toque-musicall.com\/index.php?rest_route=\/wp\/v2\/types\/post"}],"author":[{"embeddable":true,"href":"https:\/\/www.toque-musicall.com\/index.php?rest_route=\/wp\/v2\/users\/1"}],"replies":[{"embeddable":true,"href":"https:\/\/www.toque-musicall.com\/index.php?rest_route=%2Fwp%2Fv2%2Fcomments&post=442"}],"version-history":[{"count":0,"href":"https:\/\/www.toque-musicall.com\/index.php?rest_route=\/wp\/v2\/posts\/442\/revisions"}],"wp:attachment":[{"href":"https:\/\/www.toque-musicall.com\/index.php?rest_route=%2Fwp%2Fv2%2Fmedia&parent=442"}],"wp:term":[{"taxonomy":"category","embeddable":true,"href":"https:\/\/www.toque-musicall.com\/index.php?rest_route=%2Fwp%2Fv2%2Fcategories&post=442"},{"taxonomy":"post_tag","embeddable":true,"href":"https:\/\/www.toque-musicall.com\/index.php?rest_route=%2Fwp%2Fv2%2Ftags&post=442"}],"curies":[{"name":"wp","href":"https:\/\/api.w.org\/{rel}","templated":true}]}}