{"id":4421,"date":"2014-08-26T23:10:25","date_gmt":"2014-08-27T02:10:25","guid":{"rendered":"http:\/\/www.toque-musicall.com\/?p=4421"},"modified":"2014-08-27T18:11:40","modified_gmt":"2014-08-27T21:11:40","slug":"conjunto-sambacana-vol-3-1969","status":"publish","type":"post","link":"https:\/\/www.toque-musicall.com\/?p=4421","title":{"rendered":"Conjunto Sambacana Vol. 3 (1969)"},"content":{"rendered":"<p><img loading=\"lazy\" decoding=\"async\" class=\"aligncenter\" alt=\"\" src=\"http:\/\/3.bp.blogspot.com\/-hWXILHsj7eM\/U_0cBYYRNlI\/AAAAAAAAJ-o\/Wa2gI64gxfI\/s1600\/capap.JPG\" width=\"1000\" height=\"997\" \/><img loading=\"lazy\" decoding=\"async\" class=\"aligncenter\" alt=\"\" src=\"http:\/\/2.bp.blogspot.com\/-YsusGqHet8k\/U_0cTIZMA-I\/AAAAAAAAJ-w\/aGyIBO1g_VU\/s1600\/contrap.JPG\" width=\"1000\" height=\"994\" \/>Boa noite, amigos cultos e ocultos! Conforme eu j\u00e1 informei aqui, o nosso amigo Samuca estar\u00e1 participando mais ativamente nas postagens do Toque Musical. Ele agora tamb\u00e9m participa com suas resenhas em outras publica\u00e7oes, cobrindo assim os espa\u00e7os que tenho deixado na semana. Nesse sentido, ele ser\u00e1 como os &#8216;discos de gaveta&#8217;, um reserva pronta para entrar em a\u00e7\u00e3o sempre que a coisa por aqui complicar.<br \/>\nHoje eu trago para voc\u00eas um disco literalmente bacana, o volume 3 do Conjunto Sambacana, criado por Pac\u00edfico Mascarenhas, o pioneiro da Bossa Nova em Minas Gerais ainda na primeira metade da d\u00e9cada de 60. Eu j\u00e1 havia postado aqui os outros dois primeiros volumes e tamb\u00e9m o quarto, j\u00e1 dos anos 70. Faltava ent\u00e3o o terceiro volume, que \u00e9 t\u00e3o bom quanto os demais e da mesma forma um disco raro, pe\u00e7a de colecionador. Neste \u00e1lbum, lan\u00e7ado pela Odeon em 1969 vamos encontrar um repert\u00f3rio delicioso, com m\u00fasicas de Pac\u00edfico e tamb\u00e9m outros autores, entre os mais conhecidos, a dupla Ant\u00f4nio Adolfo e Tib\u00e9rio Gaspar, Tito Madi e, inclusive, o Bob Tostes, que s\u00f3 agora eu me dei conta de que \u00e9 aquele que aparece na capa, em primeiro plano, cantando ao lado de duas outras cantoras. Confiram longo, porque como eu disse, este \u00e9 um conjunto bacan<a href=\"http:\/\/depositfiles.org\/files\/3945p6tts\" target=\"_blank\">a<\/a> \ud83d\ude09<\/p>\n<div style=\"text-align: center;\">tarde azul<\/div>\n<div style=\"text-align: center;\">mo\u00e7a<\/div>\n<div style=\"text-align: center;\">canto puro amor<\/div>\n<div style=\"text-align: center;\">saudade nos olhos<\/div>\n<div style=\"text-align: center;\">a bela da feira<\/div>\n<div style=\"text-align: center;\">perdido no espa\u00e7o<\/div>\n<div style=\"text-align: center;\">giro<\/div>\n<div style=\"text-align: center;\">al\u00e9m do horizonte<\/div>\n<div style=\"text-align: center;\">tudo azul<\/div>\n<div style=\"text-align: center;\">por que<\/div>\n<div style=\"text-align: center;\">em canto antigo<\/div>\n<div style=\"text-align: center;\"><\/div>\n<div style=\"text-align: center;\">.<\/div>\n","protected":false},"excerpt":{"rendered":"<p>Boa noite, amigos cultos e ocultos! Conforme eu j\u00e1 informei aqui, o nosso amigo Samuca estar\u00e1 participando mais ativamente nas postagens do Toque Musical. Ele agora tamb\u00e9m participa com suas resenhas em outras publica\u00e7oes, cobrindo assim os espa\u00e7os que tenho &hellip; <a href=\"https:\/\/www.toque-musicall.com\/?p=4421\">Continue lendo <span class=\"meta-nav\">&rarr;<\/span><\/a><\/p>\n","protected":false},"author":1,"featured_media":0,"comment_status":"open","ping_status":"closed","sticky":false,"template":"","format":"standard","meta":{"footnotes":""},"categories":[1179,1180,86],"tags":[],"class_list":["post-4421","post","type-post","status-publish","format-standard","hentry","category-conjunto-sambacana","category-pacifico-mascarenhas","category-selo-odeon"],"_links":{"self":[{"href":"https:\/\/www.toque-musicall.com\/index.php?rest_route=\/wp\/v2\/posts\/4421","targetHints":{"allow":["GET"]}}],"collection":[{"href":"https:\/\/www.toque-musicall.com\/index.php?rest_route=\/wp\/v2\/posts"}],"about":[{"href":"https:\/\/www.toque-musicall.com\/index.php?rest_route=\/wp\/v2\/types\/post"}],"author":[{"embeddable":true,"href":"https:\/\/www.toque-musicall.com\/index.php?rest_route=\/wp\/v2\/users\/1"}],"replies":[{"embeddable":true,"href":"https:\/\/www.toque-musicall.com\/index.php?rest_route=%2Fwp%2Fv2%2Fcomments&post=4421"}],"version-history":[{"count":3,"href":"https:\/\/www.toque-musicall.com\/index.php?rest_route=\/wp\/v2\/posts\/4421\/revisions"}],"predecessor-version":[{"id":4424,"href":"https:\/\/www.toque-musicall.com\/index.php?rest_route=\/wp\/v2\/posts\/4421\/revisions\/4424"}],"wp:attachment":[{"href":"https:\/\/www.toque-musicall.com\/index.php?rest_route=%2Fwp%2Fv2%2Fmedia&parent=4421"}],"wp:term":[{"taxonomy":"category","embeddable":true,"href":"https:\/\/www.toque-musicall.com\/index.php?rest_route=%2Fwp%2Fv2%2Fcategories&post=4421"},{"taxonomy":"post_tag","embeddable":true,"href":"https:\/\/www.toque-musicall.com\/index.php?rest_route=%2Fwp%2Fv2%2Ftags&post=4421"}],"curies":[{"name":"wp","href":"https:\/\/api.w.org\/{rel}","templated":true}]}}