{"id":4432,"date":"2014-08-28T23:10:43","date_gmt":"2014-08-29T02:10:43","guid":{"rendered":"http:\/\/www.toque-musicall.com\/?p=4432"},"modified":"2014-08-28T23:10:43","modified_gmt":"2014-08-29T02:10:43","slug":"ely-arcoverde-o-orgao-que-canta-sambas-1967-2","status":"publish","type":"post","link":"https:\/\/www.toque-musicall.com\/?p=4432","title":{"rendered":"Ely Arcoverde &#8211; O Org\u00e3o Que Canta Sambas (1967)"},"content":{"rendered":"<p><img loading=\"lazy\" decoding=\"async\" class=\"aligncenter\" alt=\"\" src=\"http:\/\/2.bp.blogspot.com\/-r9lghYQQHj8\/U__Y2XQcE9I\/AAAAAAAAKE0\/ygNoxbLGhmU\/s1600\/capap.JPG\" width=\"1000\" height=\"994\" \/><img loading=\"lazy\" decoding=\"async\" class=\"aligncenter\" alt=\"\" src=\"http:\/\/1.bp.blogspot.com\/-VNHZ3xT5QZo\/U__Y-XNnQgI\/AAAAAAAAKE8\/N0lpfOgN3DQ\/s1600\/contrap.JPG\" width=\"1000\" height=\"1002\" \/>Boa noite, amigos cultos e ocultos! Enquanto ainda me sobra um tempo, vou mandando ver nas postagens, que de uns tempos para c\u00e1 passaram a n\u00e3o ser t\u00e3o di\u00e1rias como antes. No receio de n\u00e3o conseguir segurar a peteca, escalei o amigo Samuca para cuidar das reservas. Logo ele tamb\u00e9m estar\u00e1 aqui e certamente apresentando nossos discos de uma forma mais completa e envolvente. Aguardem!<br \/>\nEu hoje estou trazendo um disco que comprei recentemente. N\u00e3o fosse o amarelado, a oxida\u00e7\u00e3o do papel da capa, eu diria que\u00a0 este \u00e9 um disco novo. Ali\u00e1s, o vinil realmente \u00e9 novo e ao tir\u00e1-lo da capa a impress\u00e3o que me deu foi a de que nunca foi tocado por m\u00e3os ou agulha. Ficou guardado por 47 anos e s\u00f3 agora est\u00e1 entrando na trilha. Adoro isso. Adoro escutar discos antigos e novos assim. Melhor ainda quando o artista \u00e9 de primeira linha e traz no \u00e1lbum um repert\u00f3rio no mesmo n\u00edvel. Claro, estou falando do Ely Arcoverde que neste lp, produzido pela Fermata atrav\u00e9s de seu selo Premier, d\u00e1 um verdadeiro show nos teclados. Pera\u00ed&#8230; teclados n\u00e3o, org\u00e3o el\u00e9trico! E o que ele faz no instrumento \u00e9 mesmo genial, o t\u00edtulo do \u00e1lbum j\u00e1 diz tudo, &#8220;o org\u00e3o que canta sambas&#8221;. E canta mesmo. O cara consegue tirar sons em seu org\u00e3o que parece mesmo canto. Muito bacana! E como voc\u00eas mesmos podem ver, o repert\u00f3rio \u00e9 \u00f3tim<a href=\"http:\/\/depositfiles.org\/files\/m4snl6v41\" target=\"_blank\">o<\/a>!<\/p>\n<div style=\"text-align: center;\">helena, helena<\/div>\n<div style=\"text-align: center;\">eu n\u00e3o tenho onde morar<\/div>\n<div style=\"text-align: center;\">marina<\/div>\n<div style=\"text-align: center;\">rosa morena<\/div>\n<div style=\"text-align: center;\">n\u00e3o tem solu\u00e7\u00e3o<\/div>\n<div style=\"text-align: center;\">favela<\/div>\n<div style=\"text-align: center;\">nunca mais<\/div>\n<div style=\"text-align: center;\">o nosso amor<\/div>\n<div style=\"text-align: center;\">copacabana<\/div>\n<div style=\"text-align: center;\">ta-hi (ta\u00ed)<\/div>\n<div style=\"text-align: center;\">carinhoso<\/div>\n<div style=\"text-align: center;\">fechei a porta<\/div>\n<div style=\"text-align: center;\"><\/div>\n<div style=\"text-align: center;\">.<\/div>\n","protected":false},"excerpt":{"rendered":"<p>Boa noite, amigos cultos e ocultos! Enquanto ainda me sobra um tempo, vou mandando ver nas postagens, que de uns tempos para c\u00e1 passaram a n\u00e3o ser t\u00e3o di\u00e1rias como antes. No receio de n\u00e3o conseguir segurar a peteca, escalei &hellip; <a href=\"https:\/\/www.toque-musicall.com\/?p=4432\">Continue lendo <span class=\"meta-nav\">&rarr;<\/span><\/a><\/p>\n","protected":false},"author":1,"featured_media":0,"comment_status":"open","ping_status":"closed","sticky":false,"template":"","format":"standard","meta":{"footnotes":""},"categories":[1742,2416],"tags":[],"class_list":["post-4432","post","type-post","status-publish","format-standard","hentry","category-ely-arcoverde","category-selo-premier"],"_links":{"self":[{"href":"https:\/\/www.toque-musicall.com\/index.php?rest_route=\/wp\/v2\/posts\/4432","targetHints":{"allow":["GET"]}}],"collection":[{"href":"https:\/\/www.toque-musicall.com\/index.php?rest_route=\/wp\/v2\/posts"}],"about":[{"href":"https:\/\/www.toque-musicall.com\/index.php?rest_route=\/wp\/v2\/types\/post"}],"author":[{"embeddable":true,"href":"https:\/\/www.toque-musicall.com\/index.php?rest_route=\/wp\/v2\/users\/1"}],"replies":[{"embeddable":true,"href":"https:\/\/www.toque-musicall.com\/index.php?rest_route=%2Fwp%2Fv2%2Fcomments&post=4432"}],"version-history":[{"count":1,"href":"https:\/\/www.toque-musicall.com\/index.php?rest_route=\/wp\/v2\/posts\/4432\/revisions"}],"predecessor-version":[{"id":4433,"href":"https:\/\/www.toque-musicall.com\/index.php?rest_route=\/wp\/v2\/posts\/4432\/revisions\/4433"}],"wp:attachment":[{"href":"https:\/\/www.toque-musicall.com\/index.php?rest_route=%2Fwp%2Fv2%2Fmedia&parent=4432"}],"wp:term":[{"taxonomy":"category","embeddable":true,"href":"https:\/\/www.toque-musicall.com\/index.php?rest_route=%2Fwp%2Fv2%2Fcategories&post=4432"},{"taxonomy":"post_tag","embeddable":true,"href":"https:\/\/www.toque-musicall.com\/index.php?rest_route=%2Fwp%2Fv2%2Ftags&post=4432"}],"curies":[{"name":"wp","href":"https:\/\/api.w.org\/{rel}","templated":true}]}}