{"id":444,"date":"2011-05-31T11:02:00","date_gmt":"2011-05-31T11:02:00","guid":{"rendered":"http:\/\/www.toque-musicall.com\/?p=444"},"modified":"2011-05-31T11:02:00","modified_gmt":"2011-05-31T11:02:00","slug":"ze-luiz-mazziotti-zeluiz-1979","status":"publish","type":"post","link":"https:\/\/www.toque-musicall.com\/?p=444","title":{"rendered":"Z\u00e9 Luiz Mazziotti &#8211; Z\u00e9luiz (1979)"},"content":{"rendered":"<div style=\"clear: both; text-align: center;\"><a href=\"http:\/\/4.bp.blogspot.com\/-YAMG4iwDKy8\/TeS8iRi9YOI\/AAAAAAAAIEQ\/LataDXLzk6M\/s1600\/zeluiz+P.JPG\" style=\"margin-left: 1em; margin-right: 1em;\"><img loading=\"lazy\" decoding=\"async\" border=\"0\" height=\"400\" src=\"http:\/\/4.bp.blogspot.com\/-YAMG4iwDKy8\/TeS8iRi9YOI\/AAAAAAAAIEQ\/LataDXLzk6M\/s400\/zeluiz+P.JPG\" width=\"396\" \/><\/a><\/div>\n<p>Bom dia, amigos cultos e ocultos! Ontem eu, na pressa, acabei n\u00e3o conseguindo fazer direito os meus &#8216;contatos medi\u00fanicos&#8217; com a turma l\u00e1 de cima. Da\u00ed eles s\u00f3 me mandaram a capa e s\u00f3 no fim do dia \u00e9 que veio o t\u00e3o esperado &#8216;toque&#8217;. Hoje isso n\u00e3o ir\u00e1 acontecer, pois a Elis Regina, mais uma vez veio trazer essa colabora\u00e7\u00e3o. Estou falando deste disco, do cantor e compositor paulista Z\u00e9 Luiz Mazziotti, tamb\u00e9m conhecido apenas como Z\u00e9luiz. Para aqueles que n\u00e3o o conhecem, ou n\u00e3o se lembram mais, ele fez parte, nos anos 60, do grupo vocal Canto 4, com o qual participou de festivais de m\u00fasica da TV Excelsior e faturou o primeiro pr\u00eamio no &#8220;Festival da TV Record, defendendo a m\u00fasica &#8220;S\u00e3o Paulo meu amor&#8221;, de Tom Z\u00e9. Como int\u00e9rprete solo, participou tamb\u00e9m de outros festivais. Durante muito tempo cantou na noite, trabalhando em boates ao lado de nomes como Vera Brasil, Paulinho Nogueira, Johnny Alf, Alaide Costa e muitos outros. Trabalhou tamb\u00e9m com &#8216;jingles&#8217; e participou como int\u00e9rprete em faixas de discos de trilhas de novela e no seriado infantil da TV Globo, &#8220;O s\u00edtio do Picapau Amarelo&#8221;, onde ele canta a m\u00fasica &#8220;Dona Benta&#8221;, de Ivan Lins e Vitor Martins. Somente em 1979 \u00e9 que ele gravou este que foi o seu primeiro \u00e1lbum solo. Um disco de estr\u00e9ia muito bem produzido, com dire\u00e7\u00e3o musical de Dori Caymmi e Gilson Peranzzetta. Um time de m\u00fasicos e convidados de primeira linha. Gente como Tavito, Toninho Horta, Tunai, Robertinho Silva, Luiz Alves, Helio Delmiro, M\u00e1rcio Lott&#8230; putz, tem gente at\u00e9&#8230; s\u00f3 conferindo no encarte. N\u00e3o posso esquecer da\u00a0Nana Caymmi, que aqui interpreta com Z\u00e9luiz a faixa &#8220;Pra sempre&#8221;, de Tunai e S\u00e9rgio Natureza. Falando ainda do repert\u00f3rio, temos no \u00e1lbum m\u00fasicas do pr\u00f3prio Z\u00e9luiz em parceria com S\u00e9rgio Natureza, Gilberto Gil, Ivan Lins e Vitor Martins, Sueli Costa, Tom e Vin\u00edcius, Jo\u00e3o Bosco e Aldir Blanc e Baden com PC Pinheiro. \u00a0Ta\u00ed, em primeira m\u00e3o, um excelente disco que agora vai rodar&#8230; \ud83d\ude09<\/p>\n<div style=\"text-align: center;\">bastante<\/div>\n<div style=\"text-align: center;\">altos e baixos<\/div>\n<div style=\"text-align: center;\">pra sempre<\/div>\n<div style=\"text-align: center;\">pai e m\u00e3e<\/div>\n<div style=\"text-align: center;\">viol\u00e3o vadio<\/div>\n<div style=\"text-align: center;\">vir\u00e1<\/div>\n<div style=\"text-align: center;\">falso brilhante<\/div>\n<div style=\"text-align: center;\">andam dizendo<\/div>\n<div style=\"text-align: center;\">mania dos tempos<\/div>\n<div style=\"text-align: center;\">vida em segredo<\/div>\n<div style=\"text-align: center;\">pelo menos<\/div>\n<div style=\"text-align: center;\"><\/div>\n<p>\u00a0<\/p>\n","protected":false},"excerpt":{"rendered":"<p>Bom dia, amigos cultos e ocultos! Ontem eu, na pressa, acabei n\u00e3o conseguindo fazer direito os meus &#8216;contatos medi\u00fanicos&#8217; com a turma l\u00e1 de cima. Da\u00ed eles s\u00f3 me mandaram a capa e s\u00f3 no fim do dia \u00e9 que &hellip; <a href=\"https:\/\/www.toque-musicall.com\/?p=444\">Continue lendo <span class=\"meta-nav\">&rarr;<\/span><\/a><\/p>\n","protected":false},"author":1,"featured_media":0,"comment_status":"open","ping_status":"closed","sticky":false,"template":"","format":"standard","meta":{"footnotes":""},"categories":[40,706,670],"tags":[],"class_list":["post-444","post","type-post","status-publish","format-standard","hentry","category-selo-continental","category-ze-luiz-mazziotti","category-zeluiz"],"_links":{"self":[{"href":"https:\/\/www.toque-musicall.com\/index.php?rest_route=\/wp\/v2\/posts\/444","targetHints":{"allow":["GET"]}}],"collection":[{"href":"https:\/\/www.toque-musicall.com\/index.php?rest_route=\/wp\/v2\/posts"}],"about":[{"href":"https:\/\/www.toque-musicall.com\/index.php?rest_route=\/wp\/v2\/types\/post"}],"author":[{"embeddable":true,"href":"https:\/\/www.toque-musicall.com\/index.php?rest_route=\/wp\/v2\/users\/1"}],"replies":[{"embeddable":true,"href":"https:\/\/www.toque-musicall.com\/index.php?rest_route=%2Fwp%2Fv2%2Fcomments&post=444"}],"version-history":[{"count":0,"href":"https:\/\/www.toque-musicall.com\/index.php?rest_route=\/wp\/v2\/posts\/444\/revisions"}],"wp:attachment":[{"href":"https:\/\/www.toque-musicall.com\/index.php?rest_route=%2Fwp%2Fv2%2Fmedia&parent=444"}],"wp:term":[{"taxonomy":"category","embeddable":true,"href":"https:\/\/www.toque-musicall.com\/index.php?rest_route=%2Fwp%2Fv2%2Fcategories&post=444"},{"taxonomy":"post_tag","embeddable":true,"href":"https:\/\/www.toque-musicall.com\/index.php?rest_route=%2Fwp%2Fv2%2Ftags&post=444"}],"curies":[{"name":"wp","href":"https:\/\/api.w.org\/{rel}","templated":true}]}}