{"id":4441,"date":"2014-09-02T23:15:46","date_gmt":"2014-09-03T02:15:46","guid":{"rendered":"http:\/\/www.toque-musicall.com\/?p=4441"},"modified":"2014-09-02T23:15:46","modified_gmt":"2014-09-03T02:15:46","slug":"a-bandinha-da-saudade-1973","status":"publish","type":"post","link":"https:\/\/www.toque-musicall.com\/?p=4441","title":{"rendered":"A Bandinha Da Saudade (1973)"},"content":{"rendered":"<p><img loading=\"lazy\" decoding=\"async\" class=\"aligncenter\" alt=\"\" src=\"http:\/\/1.bp.blogspot.com\/-fVCHm9_J0qI\/VAZ4GOUUG-I\/AAAAAAAAKNs\/PW-xNZJA_jA\/s1600\/capap.JPG\" width=\"1000\" height=\"1011\" \/><img loading=\"lazy\" decoding=\"async\" class=\"aligncenter\" alt=\"\" src=\"http:\/\/2.bp.blogspot.com\/-IXm2KMlNcsE\/VAZ4MvkSEoI\/AAAAAAAAKN0\/kbgvC_Q1BnU\/s1600\/contrap.JPG\" width=\"1000\" height=\"1018\" \/><\/p>\n<div>Ap\u00f3s apresentar a seus amigos cultos, ocultos e associados dois \u00e1lbuns da Lyra de Xopot\u00f3, aut\u00eantica banda no sentido literal da palavra, o Toque Musical vem trazer hoje mais uma \u201cfuriosa\u201d. Desta feita,uma \u201ccharanga\u201d (tipo de banda em que predominam instrumentos de sopro), \u00a0vinda da cidade de Tr\u00eas Passos, interior ga\u00facho, situada nas barrancas do Rio Uruguai, divisa com a \u201chermana\u201d Argentina, e fort\u00edssimo reduto de imigrantes alem\u00e3es e seus descendentes. Trata-se da Bandinha da Saudade, formada naquele munic\u00edpio em 1933. em meio aos \u201ckerbs\u201d, ou seja, festan\u00e7as e fandangos com muita m\u00fasica t\u00edpica e dan\u00e7as, no melhor estilo germ\u00e2nico, nas horas de folga. Mas, com as dificuldades de se locomover do local de trabalho para o das festas, com os precar\u00edssimos passos e piques ent\u00e3o existentes, depois substitu\u00eddos por estradas e pontes, tal divers\u00e3o nem sempre era vi\u00e1vel, n\u00e3o era poss\u00edvel chegar a tempo. Diante de toda essa dificuldade, a bandinha acabou se dissolvendo alguns anos mais tarde. \u00a0Mas o tempo passou, como sempre curando toda e qualquer ferida e, em 1957, a Bandinha da Saudade voltava a tocar, devidamente reorganizada. Isso foi fruto do trabalho de Rod Latrich (pseud\u00f4nimo de Raymundo Schmidt, tamb\u00e9m contrabaixista do grupo), que, reanimando alguns de seus membros-fundadores e reunindo outros novos,\u00a0 estreou um programa especial para a bandinha, na R\u00e1dio Difusora de Tr\u00eas Passos, emissora que ainda hoje existe. A atra\u00e7\u00e3o logo tornou-se sucesso de audi\u00eancia, e a popularidade da bandinha, obviamente, cresceu. Nessa ocasi\u00e3o, era desejo dos componentes da Bandinha da Saudade chegar ao disco. E essa oportunidade viria finalmente em 1973, justamente com o \u00e1lbum que o TM nos apresenta hoje,\u00a0 selo Itamaraty, \u00a0da CID (gravadora carioca especializada em discos de pre\u00e7o econ\u00f4mico, ainda hoje em plena atividade).\u00a0 Com produ\u00e7\u00e3o simples, por\u00e9m dedicada, este trabalho comp\u00f5e-se dem\u00fasicas de ritmos variados, dobrados, valsas, sambas, mazurcas, foxes, t\u00edpicos de uma aut\u00eantica \u201cfuriosa\u201d. Quase todas as compois\u00e7\u00f5es s\u00e3o in\u00e9ditas em disco at\u00e9 ent\u00e3o, de autoria dos pr\u00f3prios integrantes da bandinha:\u00a0 o maestro e saxofonista\u00a0 Ant\u00f4nio Avelino Heinen, os irm\u00e3os Raymundo \u00a0(saxofone) e Albino Schmidt (trompa), o trombonista Willy Benke, o pistonista Sebaldo Mergen, o violoncelista Edvino Henricksen, o flautista Albino Kempf\u00a0 e o clarinetista Ricieri da Rosa. O programa se completa com dois temas folcl\u00f3ricos, \u201cSentimento\u201d e \u201cFamasko\u201d, e o \u00e1lbum, por certo, ir\u00e1 proporcionar\u00a0 \u201cmomentos de alegres lembran\u00e7as \u00e0queles que realmente\u00a0 gostam das m\u00fasicas amenas\u201d, como diz a contracapa. Ao que parece, este foi o \u00fanico LP gravado pela Bandinha da Saudade, e n\u00e3o h\u00e1 ind\u00edcios de que a mesma tenha prosseguido carreira em disco. De qualquer forma, um trabalho sob medida para os saudosos das velhas bandinhas. Boa divers\u00e3o \u00e0 moda germ\u00e2nica e ga\u00facha, tch\u00ea!<\/div>\n<div><\/div>\n<div>*Texto de Samuel Machado Filho<\/div>\n","protected":false},"excerpt":{"rendered":"<p>Ap\u00f3s apresentar a seus amigos cultos, ocultos e associados dois \u00e1lbuns da Lyra de Xopot\u00f3, aut\u00eantica banda no sentido literal da palavra, o Toque Musical vem trazer hoje mais uma \u201cfuriosa\u201d. Desta feita,uma \u201ccharanga\u201d (tipo de banda em que predominam &hellip; <a href=\"https:\/\/www.toque-musicall.com\/?p=4441\">Continue lendo <span class=\"meta-nav\">&rarr;<\/span><\/a><\/p>\n","protected":false},"author":1,"featured_media":0,"comment_status":"open","ping_status":"closed","sticky":false,"template":"","format":"standard","meta":{"footnotes":""},"categories":[2418,2213],"tags":[],"class_list":["post-4441","post","type-post","status-publish","format-standard","hentry","category-a-bandinha-da-saudade","category-selo-itamaraty"],"_links":{"self":[{"href":"https:\/\/www.toque-musicall.com\/index.php?rest_route=\/wp\/v2\/posts\/4441","targetHints":{"allow":["GET"]}}],"collection":[{"href":"https:\/\/www.toque-musicall.com\/index.php?rest_route=\/wp\/v2\/posts"}],"about":[{"href":"https:\/\/www.toque-musicall.com\/index.php?rest_route=\/wp\/v2\/types\/post"}],"author":[{"embeddable":true,"href":"https:\/\/www.toque-musicall.com\/index.php?rest_route=\/wp\/v2\/users\/1"}],"replies":[{"embeddable":true,"href":"https:\/\/www.toque-musicall.com\/index.php?rest_route=%2Fwp%2Fv2%2Fcomments&post=4441"}],"version-history":[{"count":1,"href":"https:\/\/www.toque-musicall.com\/index.php?rest_route=\/wp\/v2\/posts\/4441\/revisions"}],"predecessor-version":[{"id":4442,"href":"https:\/\/www.toque-musicall.com\/index.php?rest_route=\/wp\/v2\/posts\/4441\/revisions\/4442"}],"wp:attachment":[{"href":"https:\/\/www.toque-musicall.com\/index.php?rest_route=%2Fwp%2Fv2%2Fmedia&parent=4441"}],"wp:term":[{"taxonomy":"category","embeddable":true,"href":"https:\/\/www.toque-musicall.com\/index.php?rest_route=%2Fwp%2Fv2%2Fcategories&post=4441"},{"taxonomy":"post_tag","embeddable":true,"href":"https:\/\/www.toque-musicall.com\/index.php?rest_route=%2Fwp%2Fv2%2Ftags&post=4441"}],"curies":[{"name":"wp","href":"https:\/\/api.w.org\/{rel}","templated":true}]}}